{"id":41582,"date":"2023-06-06T09:57:31","date_gmt":"2023-06-06T15:57:31","guid":{"rendered":"https:\/\/encuentroinformativo.com.mx\/?p=41582"},"modified":"2023-06-06T09:57:35","modified_gmt":"2023-06-06T15:57:35","slug":"disfrazados-celebran-un-ano-del-socavon-del-infonavit-en-alvarado","status":"publish","type":"post","link":"https:\/\/encuentroinformativo.com.mx\/?p=41582","title":{"rendered":"Disfrazados celebran un a\u00f1o del socav\u00f3n del Infonavit en Alvarado"},"content":{"rendered":"\n<p><strong>Alejandro \u00c1vila<\/strong><\/p>\n\n\n\n<p>Alvarado, Ver.- Hace un a\u00f1o se registr\u00f3 un gran socav\u00f3n en la subida al Infonavit &#8220;Adolfo L\u00f3pez Mateos&#8221; en la cabecera municipal de Alvarado, a pesar de la denuncia de los ciudadanos, tanto a la Comisi\u00f3n del Agua del Estado de Veracruz (CAEV) y el Ayuntamiento, hicieron caso omiso de la petici\u00f3n de reparaci\u00f3n.<\/p>\n\n\n\n<p>Este lunes se cumplieron 365 d\u00edas del socav\u00f3n que afecta al tr\u00e1nsito vehicular, sobre todo en \u00e9pocas de lluvias, por lo que habitantes de la zona decidieron disfrazarse y realizar un baile para festejar el aniversario.<\/p>\n\n\n\n<p>Al festejo se uni\u00f3 el exalcalde de Alvarado, Bogar Ruiz Rosas, quien al pasar por la zona y ver tan colorida actuaci\u00f3n fue invitado por los ciudadanos.<\/p>\n\n\n\n<p>La simp\u00e1tica muestra de descontento de la ciudadan\u00eda fue plasmada en las redes sociales del expresidente municipal, qui\u00e9n adem\u00e1s acus\u00f3 a la actual alcaldesa, Lizzette \u00c1lvarez Vera y su comuna, de gastar recursos en festividades y no en obra p\u00fablica.<\/p>\n\n\n\n<p>&#8220;A nuestras autoridades irresponsables les preocupa m\u00e1s gastar en fiestas que en el bienestar de la poblaci\u00f3n, vemos que les gusta mucho bailar, pues la invito a que se venga a bailar aqu\u00ed tambi\u00e9n, el pr\u00f3ximo pastel es el de la calle Dr. Ruiz E. Ruiz&#8221;, mencion\u00f3 el edil en sus redes sociales.<\/p>\n\n\n\n<p>La calle Dr. Luis Enrique Ruiz en la cabecera municipal se concret\u00f3 para su rehabilitaci\u00f3n a finales del 2021, aunque por la entrega recepci\u00f3n no se pudo iniciar la obra en los \u00faltimos meses del a\u00f1o, y fue pagada para que esta iniciara con la nueva administraci\u00f3n.<\/p>\n\n\n\n<p>El recurso fue otorgado por Caminos y Puentes Federales (CAPUFE), y a casi 2 a\u00f1os la calle sigue sin ser pavimentada para afectaci\u00f3n de decenas de alvarade\u00f1os que circulan diario por la zona.<\/p>\n","protected":false},"excerpt":{"rendered":"<p>Alejandro \u00c1vila Alvarado, Ver.- Hace un a\u00f1o se registr\u00f3 un gran socav\u00f3n en la subida al Infonavit &#8220;Adolfo L\u00f3pez Mateos&#8221; en la cabecera municipal de Alvarado, a pesar de la denuncia de los ciudadanos, tanto a la Comisi\u00f3n del Agua del Estado de Veracruz (CAEV) y el Ayuntamiento, hicieron caso omiso de la petici\u00f3n de [&hellip;]<\/p>\n","protected":false},"author":2476,"featured_media":41583,"comment_status":"open","ping_status":"open","sticky":false,"template":"","format":"standard","meta":{"_jetpack_memberships_contains_paid_content":false,"footnotes":""},"categories":[2],"tags":[],"class_list":["post-41582","post","type-post","status-publish","format-standard","has-post-thumbnail","hentry","category-estado"],"jetpack_featured_media_url":"https:\/\/encuentroinformativo.com.mx\/wp-content\/uploads\/2023\/06\/IMG-20230606-WA0015.jpg","jetpack_sharing_enabled":true,"jetpack_likes_enabled":true,"amp_enabled":true,"_links":{"self":[{"href":"https:\/\/encuentroinformativo.com.mx\/index.php?rest_route=\/wp\/v2\/posts\/41582","targetHints":{"allow":["GET"]}}],"collection":[{"href":"https:\/\/encuentroinformativo.com.mx\/index.php?rest_route=\/wp\/v2\/posts"}],"about":[{"href":"https:\/\/encuentroinformativo.com.mx\/index.php?rest_route=\/wp\/v2\/types\/post"}],"author":[{"embeddable":true,"href":"https:\/\/encuentroinformativo.com.mx\/index.php?rest_route=\/wp\/v2\/users\/2476"}],"replies":[{"embeddable":true,"href":"https:\/\/encuentroinformativo.com.mx\/index.php?rest_route=%2Fwp%2Fv2%2Fcomments&post=41582"}],"version-history":[{"count":1,"href":"https:\/\/encuentroinformativo.com.mx\/index.php?rest_route=\/wp\/v2\/posts\/41582\/revisions"}],"predecessor-version":[{"id":41584,"href":"https:\/\/encuentroinformativo.com.mx\/index.php?rest_route=\/wp\/v2\/posts\/41582\/revisions\/41584"}],"wp:featuredmedia":[{"embeddable":true,"href":"https:\/\/encuentroinformativo.com.mx\/index.php?rest_route=\/wp\/v2\/media\/41583"}],"wp:attachment":[{"href":"https:\/\/encuentroinformativo.com.mx\/index.php?rest_route=%2Fwp%2Fv2%2Fmedia&parent=41582"}],"wp:term":[{"taxonomy":"category","embeddable":true,"href":"https:\/\/encuentroinformativo.com.mx\/index.php?rest_route=%2Fwp%2Fv2%2Fcategories&post=41582"},{"taxonomy":"post_tag","embeddable":true,"href":"https:\/\/encuentroinformativo.com.mx\/index.php?rest_route=%2Fwp%2Fv2%2Ftags&post=41582"}],"curies":[{"name":"wp","href":"https:\/\/api.w.org\/{rel}","templated":true}]}}