{"id":41597,"date":"2023-06-06T14:00:43","date_gmt":"2023-06-06T20:00:43","guid":{"rendered":"https:\/\/encuentroinformativo.com.mx\/?p=41597"},"modified":"2023-06-06T14:00:47","modified_gmt":"2023-06-06T20:00:47","slug":"delito-contra-instituciones-acusacion-contra-angelica-sanchez-abogados","status":"publish","type":"post","link":"https:\/\/encuentroinformativo.com.mx\/?p=41597","title":{"rendered":"Delito contra instituciones, acusaci\u00f3n contra Ang\u00e9lica S\u00e1nchez: Abogados"},"content":{"rendered":"\n<p><strong>Dar\u00edo Pale <\/strong><\/p>\n\n\n\n<p>Xalapa, Ver.- La Fiscal\u00eda General del Estado (FGE) fincar\u00eda responsabilidad a jueza Ang\u00e9lica por delito contra instituciones de seguridad, el Gobernador no responde por qu\u00e9 delito fue detenida porque se lo est\u00e1n armando as\u00ed lo se\u00f1al\u00f3 el el abogado Carmelo Reyes Gallardo.<\/p>\n\n\n\n<p>En entrevista afuera de la fiscal\u00eda se\u00f1al\u00f3 que, a la jueza Ang\u00e9lica S\u00e1nchez Hern\u00e1ndez, la FGE le estar\u00eda buscando fincar responsabilidad por el presunto delito contra las instituciones de seguridad p\u00fablica, que es exactamente como el delito del ultrajes a la autoridad.<\/p>\n\n\n\n<p>Este lunes luego de ser detenida, la obligaron a disparar un arma de fuego para poder dejarla detenida por una agresi\u00f3n a los elementos de la SSP.<\/p>\n\n\n\n<p>Junto con otros abogados y uno de sus hijos; afirm\u00f3 que las instituciones est\u00e1n armando los delitos para lograr la medida de prisi\u00f3n preventiva oficiosa contra la juez que liber\u00f3 a Itiel Palacios, alias El Compa Playa hace tres a\u00f1os porque contaba con un amparo.<\/p>\n\n\n\n<p>&#8220;D\u00f3nde est\u00e1 la presunci\u00f3n de inocencia de la Juez, ya la podemos criminalizar desde ahora por el hecho de que circunstancias de modo, tiempo y lugar que no pertenecen ni tienen conexi\u00f3n por las m\u00e1ximas de la experiencia y la l\u00f3gica a la hora de juzgar; \u00bfella ya tiene que ser criminalizada, por situaciones de coincidencia?&#8221;, pregunt\u00f3.<\/p>\n\n\n\n<p>Fue as\u00ed que opin\u00f3 que ya se est\u00e1 viviendo un estado de &#8220;terror&#8221; que no puede ser, adem\u00e1s de que ya no tienen la racionalidad correcta de observar que si el principio de inocencia fue otorgado a un sistema de garant\u00edas individuales y que se dej\u00f3 el sistema anterior; ahora el est\u00e1ndar de car\u00e1cter inquisidor se eleva mucho m\u00e1s para los procesos que se suponen eran mucho m\u00e1s garantistas.<\/p>\n\n\n\n<p>Revel\u00f3 que la Juez infiere que los hechos ocurridos en su contra son una represalia por haber liberado a El Compa Playa hace tres a\u00f1os.<\/p>\n\n\n\n<p>Carmelo Reyes insisti\u00f3 en que le est\u00e1n creando el 371 quinquies que es contra las instituciones de seguridad p\u00fablica porque dicen que ven\u00eda manejando a exceso de velocidad y quer\u00eda que los elementos de Seguridad P\u00fablica se quitaran, adem\u00e1s los insult\u00f3 y luego sac\u00f3 el arma y les dispar\u00f3.<\/p>\n\n\n\n<p>&#8220;Ella ya declar\u00f3 que despu\u00e9s de la detenci\u00f3n la llevaron a los separos en San Jos\u00e9 y la hicieron disparar, le pusieron el dedo en un arma, no vio bien porque la ten\u00edan cubierta (con una capucha)&#8221;, revel\u00f3.<\/p>\n\n\n\n<p>El Abogado adelant\u00f3 que ya se solicit\u00f3 que se le practique la prueba de Estambul para establecer que hubo tortura psicol\u00f3gica y f\u00edsica, por ello, anunci\u00f3 que solicitar\u00e1n a la Comisi\u00f3n Nacional de Derechos Humanos (CNDH), investigue los hechos.<\/p>\n\n\n\n<p>Indic\u00f3 que el t\u00e9rmino constitucional vence este mi\u00e9rcoles al medio d\u00eda, por lo que ser\u00eda trasladada a la audiencia inicial por la tarde.<\/p>\n\n\n\n<p>El litigante insisti\u00f3 que la liberaci\u00f3n de Itiel Palacios por parte de la juez fue porque estaba cumpliendo una ejecutoria de Tribunal Colegiado, es decir, hab\u00eda tres magistrados federales que ya hab\u00edan establecido que hab\u00eda problemas en la investigaci\u00f3n que le toc\u00f3 juzgar.<\/p>\n\n\n\n<p>Indic\u00f3 que la Juez tambi\u00e9n declar\u00f3 que la presidenta del Tribunal Superior de Justicia, Lisbeth Aurelia Jim\u00e9nez Aguirre, se molest\u00f3 porque no le inform\u00f3 que Itiel Palacios saldr\u00eda en libertad del penal de Ramos Arizpe.<\/p>\n\n\n\n<p>&#8220;Ella ya lo declar\u00f3, lo que se est\u00e1 filtrando es porque efectivamente ya lo declar\u00f3 en la carpeta de investigaci\u00f3n y hay una causa generadora que es esa, la del cumplimiento de la ejecutoria de amparo y que est\u00e1 generando la consecuencia del delito que hoy se le est\u00e1 armando&#8221;, subray\u00f3.<br>Coment\u00f3 que seguramente el Gobernador no inform\u00f3 cu\u00e1l es el delito o delitos por los que supuestamente fue detenida &#8220;porque se los est\u00e1n armando&#8221;.<\/p>\n\n\n\n<p>Finalmente dijo que no suena l\u00f3gico que una juez vaya manejando saque un arma y comience a disparar, eso es un atropello a la l\u00f3gica e inteligencia de todos los veracruzanos.<\/p>\n","protected":false},"excerpt":{"rendered":"<p>Dar\u00edo Pale Xalapa, Ver.- La Fiscal\u00eda General del Estado (FGE) fincar\u00eda responsabilidad a jueza Ang\u00e9lica por delito contra instituciones de seguridad, el Gobernador no responde por qu\u00e9 delito fue detenida porque se lo est\u00e1n armando as\u00ed lo se\u00f1al\u00f3 el el abogado Carmelo Reyes Gallardo. En entrevista afuera de la fiscal\u00eda se\u00f1al\u00f3 que, a la jueza [&hellip;]<\/p>\n","protected":false},"author":2476,"featured_media":41598,"comment_status":"open","ping_status":"open","sticky":false,"template":"","format":"standard","meta":{"_jetpack_memberships_contains_paid_content":false,"footnotes":""},"categories":[2],"tags":[],"class_list":["post-41597","post","type-post","status-publish","format-standard","has-post-thumbnail","hentry","category-estado"],"jetpack_featured_media_url":"https:\/\/encuentroinformativo.com.mx\/wp-content\/uploads\/2023\/06\/IMG-20230606-WA0036.jpg","jetpack_sharing_enabled":true,"jetpack_likes_enabled":true,"amp_enabled":true,"_links":{"self":[{"href":"https:\/\/encuentroinformativo.com.mx\/index.php?rest_route=\/wp\/v2\/posts\/41597","targetHints":{"allow":["GET"]}}],"collection":[{"href":"https:\/\/encuentroinformativo.com.mx\/index.php?rest_route=\/wp\/v2\/posts"}],"about":[{"href":"https:\/\/encuentroinformativo.com.mx\/index.php?rest_route=\/wp\/v2\/types\/post"}],"author":[{"embeddable":true,"href":"https:\/\/encuentroinformativo.com.mx\/index.php?rest_route=\/wp\/v2\/users\/2476"}],"replies":[{"embeddable":true,"href":"https:\/\/encuentroinformativo.com.mx\/index.php?rest_route=%2Fwp%2Fv2%2Fcomments&post=41597"}],"version-history":[{"count":1,"href":"https:\/\/encuentroinformativo.com.mx\/index.php?rest_route=\/wp\/v2\/posts\/41597\/revisions"}],"predecessor-version":[{"id":41599,"href":"https:\/\/encuentroinformativo.com.mx\/index.php?rest_route=\/wp\/v2\/posts\/41597\/revisions\/41599"}],"wp:featuredmedia":[{"embeddable":true,"href":"https:\/\/encuentroinformativo.com.mx\/index.php?rest_route=\/wp\/v2\/media\/41598"}],"wp:attachment":[{"href":"https:\/\/encuentroinformativo.com.mx\/index.php?rest_route=%2Fwp%2Fv2%2Fmedia&parent=41597"}],"wp:term":[{"taxonomy":"category","embeddable":true,"href":"https:\/\/encuentroinformativo.com.mx\/index.php?rest_route=%2Fwp%2Fv2%2Fcategories&post=41597"},{"taxonomy":"post_tag","embeddable":true,"href":"https:\/\/encuentroinformativo.com.mx\/index.php?rest_route=%2Fwp%2Fv2%2Ftags&post=41597"}],"curies":[{"name":"wp","href":"https:\/\/api.w.org\/{rel}","templated":true}]}}