{"id":41607,"date":"2023-06-06T16:18:29","date_gmt":"2023-06-06T22:18:29","guid":{"rendered":"https:\/\/encuentroinformativo.com.mx\/?p=41607"},"modified":"2023-06-06T16:18:35","modified_gmt":"2023-06-06T22:18:35","slug":"cuestionan-nulos-resultados-del-diputade","status":"publish","type":"post","link":"https:\/\/encuentroinformativo.com.mx\/?p=41607","title":{"rendered":"Cuestionan nulos resultados del diputade"},"content":{"rendered":"\n<p><strong>Dar\u00edo Pale <\/strong><\/p>\n\n\n\n<p>Xalapa, Ver.- Benjamin Callejas Hern\u00e1ndez presidente del la Coalici\u00f3n Estatal de L\u00e9sbico, Gay, Bisexual, Transexual, Transg\u00e9nero, Travesti, e Intersexual (LGBTTTIQ+), dio a conocer que para las elecciones del 2024 se buscar\u00e1 que no exista oportunismo pol\u00edtico para representantes de la comunidad de la diversidad sexual, pues el actual representante, Gonzalo Dur\u00e1n Chincoya, no los representa.<\/p>\n\n\n\n<p>En entrevista coment\u00f3 que se han estado reuniendo con representantes de partidos pol\u00edticos con la idea de establecer candados para garantizar la cuota a la comunidad de la diversidad sexual.<\/p>\n\n\n\n<p>Pidi\u00f3 que la postulaci\u00f3n de cuadros, como ocurri\u00f3 en el 2021 para cubrir la cuota de la diversidad, sea para personas con verdadero activismo que promueven leyes y acciones en beneficio de la comunidad.<\/p>\n\n\n\n<p>En la actual legislatura, la primera en la historia de Veracruz, se logr\u00f3 una curul por la v\u00eda plurinominal de un diputade, que se define como no binario, sin embargo, la poblaci\u00f3n no se siente representada por \u00e9l.<\/p>\n\n\n\n<p>El diputade como se le conoce, dijo el activista, s\u00f3lo ha presentado dos propuestas de modificaci\u00f3n a leyes locales, que no fueron propias; se trata de resoluciones de la Suprema Corte de Justicia de la Naci\u00f3n (SCJN) que orden\u00f3 su adecuaci\u00f3n, es el caso del matrimonio igualitario y el reconocimiento a personas trans.<\/p>\n\n\n\n<p>\u201cEl matrimonio igualitario lo ganamos junto con la comisi\u00f3n de Derechos Humanos, las asociaciones civiles \u00a0(\u2026) acaba de subir hace mes y medio, (para proponer) el reconocimiento de la identidad de las personas trans, y eso lo orden\u00f3 la Suprema Corte hace m\u00e1s de cinco a\u00f1os\u201d, record\u00f3 el activista.<\/p>\n\n\n\n<p>Benjam\u00edn Callejas dijo que el mismo diputade no conoce lo que est\u00e1 pasando con la comunidad, pues habla de 18 cr\u00edmenes de odio, cuando la cifra real es de 15.<\/p>\n\n\n\n<p>Finalmente se\u00f1al\u00f3 que en caso de que el diputade se quiera reelegir, tendr\u00eda que salir a pedir el voto, toda vez que lleg\u00f3 como cuota de partidos,  \u201ctendr\u00eda que irse a caminar para que repita en el cargo, pero la experiencia nos dice que \u00e9l no trabaja\u201d, lament\u00f3 el integrante de la Coalici\u00f3n.<\/p>\n","protected":false},"excerpt":{"rendered":"<p>Dar\u00edo Pale Xalapa, Ver.- Benjamin Callejas Hern\u00e1ndez presidente del la Coalici\u00f3n Estatal de L\u00e9sbico, Gay, Bisexual, Transexual, Transg\u00e9nero, Travesti, e Intersexual (LGBTTTIQ+), dio a conocer que para las elecciones del 2024 se buscar\u00e1 que no exista oportunismo pol\u00edtico para representantes de la comunidad de la diversidad sexual, pues el actual representante, Gonzalo Dur\u00e1n Chincoya, no [&hellip;]<\/p>\n","protected":false},"author":2476,"featured_media":41608,"comment_status":"open","ping_status":"open","sticky":false,"template":"","format":"standard","meta":{"_jetpack_memberships_contains_paid_content":false,"footnotes":""},"categories":[3],"tags":[],"class_list":["post-41607","post","type-post","status-publish","format-standard","has-post-thumbnail","hentry","category-xalapa"],"jetpack_featured_media_url":"https:\/\/encuentroinformativo.com.mx\/wp-content\/uploads\/2023\/06\/IMG-20230606-WA0078.jpg","jetpack_sharing_enabled":true,"jetpack_likes_enabled":true,"amp_enabled":true,"_links":{"self":[{"href":"https:\/\/encuentroinformativo.com.mx\/index.php?rest_route=\/wp\/v2\/posts\/41607","targetHints":{"allow":["GET"]}}],"collection":[{"href":"https:\/\/encuentroinformativo.com.mx\/index.php?rest_route=\/wp\/v2\/posts"}],"about":[{"href":"https:\/\/encuentroinformativo.com.mx\/index.php?rest_route=\/wp\/v2\/types\/post"}],"author":[{"embeddable":true,"href":"https:\/\/encuentroinformativo.com.mx\/index.php?rest_route=\/wp\/v2\/users\/2476"}],"replies":[{"embeddable":true,"href":"https:\/\/encuentroinformativo.com.mx\/index.php?rest_route=%2Fwp%2Fv2%2Fcomments&post=41607"}],"version-history":[{"count":1,"href":"https:\/\/encuentroinformativo.com.mx\/index.php?rest_route=\/wp\/v2\/posts\/41607\/revisions"}],"predecessor-version":[{"id":41609,"href":"https:\/\/encuentroinformativo.com.mx\/index.php?rest_route=\/wp\/v2\/posts\/41607\/revisions\/41609"}],"wp:featuredmedia":[{"embeddable":true,"href":"https:\/\/encuentroinformativo.com.mx\/index.php?rest_route=\/wp\/v2\/media\/41608"}],"wp:attachment":[{"href":"https:\/\/encuentroinformativo.com.mx\/index.php?rest_route=%2Fwp%2Fv2%2Fmedia&parent=41607"}],"wp:term":[{"taxonomy":"category","embeddable":true,"href":"https:\/\/encuentroinformativo.com.mx\/index.php?rest_route=%2Fwp%2Fv2%2Fcategories&post=41607"},{"taxonomy":"post_tag","embeddable":true,"href":"https:\/\/encuentroinformativo.com.mx\/index.php?rest_route=%2Fwp%2Fv2%2Ftags&post=41607"}],"curies":[{"name":"wp","href":"https:\/\/api.w.org\/{rel}","templated":true}]}}