{"id":4161,"date":"2020-07-16T10:08:07","date_gmt":"2020-07-16T15:08:07","guid":{"rendered":"https:\/\/encuentroinformativo.com\/?p=4161"},"modified":"2020-07-16T10:08:09","modified_gmt":"2020-07-16T15:08:09","slug":"cubrebocas-obligatorio","status":"publish","type":"post","link":"https:\/\/encuentroinformativo.com.mx\/?p=4161","title":{"rendered":"Cubrebocas, obligatorio"},"content":{"rendered":"\n<p><strong>Los Pol\u00edticos<\/strong><\/p>\n\n\n\n<p><strong>Salvador Mu\u00f1oz<\/strong><br><\/p>\n\n\n\n<p>Philippe era chofer de autob\u00fas. Muri\u00f3 hace cinco d\u00edas tras varios d\u00edas de hospitalizaci\u00f3n despu\u00e9s de que fuera golpeado por exigir el uso del cubrebocas a unos pasajeros. S\u00ed, fue en Francia, pero igual hace meses dec\u00edamos que el Coronavirus estaba en China, en el Viejo Continente y hoy, ni se diga\u2026<\/p>\n\n\n\n<p>A principios del mes pasado, apareci\u00f3 en las redes #LadyPizza\u2026 \u00bfla recuerda? Esa mujer que agredi\u00f3 verbalmente a un despachador en un negocio de comida r\u00e1pida, all\u00e1 en Naucalpan, Estado de M\u00e9xico&#8230; el motivo de este momento de furia, porque le negaban el acceso por no llevar cubrebocas.<\/p>\n\n\n\n<p>A mediados del mes pasado, en Le\u00f3n, Guanajuato, una mujer en el interior de un banco se niega a usar un cubrebocas, \u201cel asunto no es contigo, sabemos que es de las \u00e9lites que esto es una farsa&#8230;\u201d, pretexta quien se da a conocer como #Lady\u00c9lite \u00bfy la agresi\u00f3n? \u00a1A nuestra inteligencia!<\/p>\n\n\n\n<p>En Tepic, Nayarit, en un negocio de postres y helados, un sujeto golpea a empleado porque se le pidi\u00f3 que s\u00f3lo entrara una persona al establecimiento y que lo hiciera con cubrebocas\u2026<\/p>\n\n\n\n<p>Es la violencia de la pandemia\u2026<\/p>\n\n\n\n<p>II<\/p>\n\n\n\n<p>El Ayuntamiento de Xalapa, en sesi\u00f3n de Cabildo la tarde de este mi\u00e9rcoles, acord\u00f3 el uso obligatorio del cubrebocas en todos los establecimientos comerciales y la aplicaci\u00f3n de sanciones econ\u00f3micas y administrativas a los negocios como una medida preventiva de salud para mitigar el nivel de contagio y propagaci\u00f3n de la enfermedad Covid-19; pero el tema de sumo inter\u00e9s que presentaron, en voz del alcalde de la Atenas, fue el Punto de Acuerdo que establece que la poblaci\u00f3n tendr\u00e1 \u201cla obligaci\u00f3n\u201d de portar cubrebocas de forma correcta, cubriendo en todo momento nariz y boca.<\/p>\n\n\n\n<p>En lo particular, celebro la medida, pero a la vez me preocupa\u2026<\/p>\n\n\n\n<p>Si bien no conozco caso como los contados en l\u00edneas arriba que haya ocurrido en Xalapa o Veracruz, no podemos pasar por alto que antes de las manifestaciones violentas por la exigencia o petici\u00f3n del uso de cubrebocas, en nuestro pa\u00eds ya se hab\u00edan dado agresiones contra doctoras, m\u00e9dicos, enfermeros o enfermeras, desde arrojarles agua, golpearlos o impedirles el acceso a cafeter\u00edas o restaurantes\u2026<\/p>\n\n\n\n<p>La violencia de la pandemia\u2026<\/p>\n\n\n\n<p>III<\/p>\n\n\n\n<p>En s\u00ed, lo que me preocupa es que, una vez que se d\u00e9 a conocer que los xalape\u00f1os \u201ctenemos la obligaci\u00f3n\u201d de usar cubrebocas, haya personas que por cualquier motivo, pretendan exigir o pedir a quien no lo traiga, que se lo ponga y ello genere en un conflicto verbal o hasta f\u00edsico\u2026 \u00bfo las autoridades municipales estar\u00e1n exigiendo en las calles su portaci\u00f3n?<\/p>\n\n\n\n<p>Y mi preocupaci\u00f3n se centra por dos posibilidades que no se pueden descartar:<br>1.- El ciudadano que se siente con \u201cautoridad moral\u201d para reclamar el uso del cubrebocas o si no, lanzar indirectas a quien no lo lleve. Han de imaginar el tono o actitud de estos personajes, as\u00ed como una contraparte, la receptora del mensaje, que puede desencadenar en un #LadyPizza o un golpeador\u2026 pensando en el peor de los escenarios.<\/p>\n\n\n\n<p>2.- El ciudadano que con celular en mano \u201cagrede\u201d (no lo puedo definir de otro modo) a quien no lo lleva y lo exhibe en redes sociales mientras \u00e9l asume un papel de \u201credentor\u201d por llevarlo\u2026 en el mismo caso que el anterior, el receptor del mensaje puede desencadenar a un #LadyPizza o un golpeador\u2026<\/p>\n\n\n\n<p>\u00bfQue por qu\u00e9 no me concentro en quien no usa cubrebocas? Trato de entender el porqu\u00e9 de alguien que no se lo pone\u2026 ignorancia, falta de recursos, econom\u00eda, \u00a1hasta un asunto de fe!, no s\u00e9\u2026 quiz\u00e1s yo, el ciudadano de a pie, puedo evitarme muchos conflictos si pongo mi sana distancia de una persona sin cubrebocas\u2026 pero, \u00bfy el chofer del transporte p\u00fablico o taxista que le diga al usuario que no puede subir por no usar cubrebocas? \u00bfo el empleado de un negocio que le impida el acceso al cliente por el mismo motivo? La violencia de la pandemia est\u00e1 latente\u2026 \u00bfpor qu\u00e9? tampoco entiendo\u2026 el confinamiento, las restricciones, el rompimiento de la rutina, la p\u00e9rdida de empleo o una merma en los ingresos\u2026 son muchos los factores que pueden generar un estallido de violencia\u2026 Ojal\u00e1 tambi\u00e9n estos escenarios sean contemplados por nuestras autoridades o m\u00ednimo junto con Cubrebocas, repartan sobrecitos de Dalai\u2026 para relajarnos&#8230;<\/p>\n\n\n\n<p>Lamento que se tenga que llegar en una sesi\u00f3n de Cabildo, a la \u201cObligaci\u00f3n\u201d del uso del Cubrebocas cuando es un tema de sentido com\u00fan, conciencia, educaci\u00f3n, o simplemente de salud, como el lavarse manos, dientes, ba\u00f1arse\u2026<br><\/p>\n\n\n\n<p><a href=\"mailto:smcainito@gmail.com\" target=\"_blank\" rel=\"noreferrer noopener\">smcainito@gmail.com<\/a><\/p>\n\n\n\n<p><\/p>\n","protected":false},"excerpt":{"rendered":"<p>Los Pol\u00edticos Salvador Mu\u00f1oz Philippe era chofer de autob\u00fas. Muri\u00f3 hace cinco d\u00edas tras varios d\u00edas de hospitalizaci\u00f3n despu\u00e9s de que fuera golpeado por exigir el uso del cubrebocas a unos pasajeros. S\u00ed, fue en Francia, pero igual hace meses dec\u00edamos que el Coronavirus estaba en China, en el Viejo Continente y hoy, ni se [&hellip;]<\/p>\n","protected":false},"author":1,"featured_media":387,"comment_status":"open","ping_status":"open","sticky":false,"template":"","format":"standard","meta":{"_jetpack_memberships_contains_paid_content":false,"footnotes":""},"categories":[11],"tags":[],"class_list":["post-4161","post","type-post","status-publish","format-standard","has-post-thumbnail","hentry","category-opinion"],"jetpack_featured_media_url":"https:\/\/encuentroinformativo.com.mx\/wp-content\/uploads\/2020\/03\/7CF8A22B-2764-47BE-8F7F-38FE9E5D6A2F.jpeg","jetpack_sharing_enabled":true,"jetpack_likes_enabled":true,"amp_enabled":true,"_links":{"self":[{"href":"https:\/\/encuentroinformativo.com.mx\/index.php?rest_route=\/wp\/v2\/posts\/4161","targetHints":{"allow":["GET"]}}],"collection":[{"href":"https:\/\/encuentroinformativo.com.mx\/index.php?rest_route=\/wp\/v2\/posts"}],"about":[{"href":"https:\/\/encuentroinformativo.com.mx\/index.php?rest_route=\/wp\/v2\/types\/post"}],"author":[{"embeddable":true,"href":"https:\/\/encuentroinformativo.com.mx\/index.php?rest_route=\/wp\/v2\/users\/1"}],"replies":[{"embeddable":true,"href":"https:\/\/encuentroinformativo.com.mx\/index.php?rest_route=%2Fwp%2Fv2%2Fcomments&post=4161"}],"version-history":[{"count":1,"href":"https:\/\/encuentroinformativo.com.mx\/index.php?rest_route=\/wp\/v2\/posts\/4161\/revisions"}],"predecessor-version":[{"id":4162,"href":"https:\/\/encuentroinformativo.com.mx\/index.php?rest_route=\/wp\/v2\/posts\/4161\/revisions\/4162"}],"wp:featuredmedia":[{"embeddable":true,"href":"https:\/\/encuentroinformativo.com.mx\/index.php?rest_route=\/wp\/v2\/media\/387"}],"wp:attachment":[{"href":"https:\/\/encuentroinformativo.com.mx\/index.php?rest_route=%2Fwp%2Fv2%2Fmedia&parent=4161"}],"wp:term":[{"taxonomy":"category","embeddable":true,"href":"https:\/\/encuentroinformativo.com.mx\/index.php?rest_route=%2Fwp%2Fv2%2Fcategories&post=4161"},{"taxonomy":"post_tag","embeddable":true,"href":"https:\/\/encuentroinformativo.com.mx\/index.php?rest_route=%2Fwp%2Fv2%2Ftags&post=4161"}],"curies":[{"name":"wp","href":"https:\/\/api.w.org\/{rel}","templated":true}]}}