{"id":41624,"date":"2023-06-07T11:22:15","date_gmt":"2023-06-07T17:22:15","guid":{"rendered":"https:\/\/encuentroinformativo.com.mx\/?p=41624"},"modified":"2023-06-07T11:22:18","modified_gmt":"2023-06-07T17:22:18","slug":"atiende-sev-casos-de-violencia-fisica-en-escuelas-de-veracruz-puerto","status":"publish","type":"post","link":"https:\/\/encuentroinformativo.com.mx\/?p=41624","title":{"rendered":"Atiende SEV casos de violencia fisica en escuelas de Veracruz puerto"},"content":{"rendered":"\n<p><strong>Alejandro \u00c1vila<\/strong><\/p>\n\n\n\n<p>Veracruz, Ver.- La delegaci\u00f3n regional de la Secretar\u00eda de Educaci\u00f3n de Veracruz (SEV), a cargo de Diana Santiago Huesca, inici\u00f3 con las tareas de investigaci\u00f3n y atenci\u00f3n a los casos de violencia f\u00edsica que se han suscitado en la \u00faltima semana en escuelas del Puerto de Veracruz.<\/p>\n\n\n\n<p>Cabe recordar que en los \u00faltimos d\u00edas se han dado a conocer dos casos de violencia escolar en la Secundaria T\u00e9cnica Industrial #1 y la secundaria &#8220;Gabriela Mistral&#8221; en el municipio de Veracruz; en ambos casos se intervino a trav\u00e9s del \u00e1rea de \u201cAsesor\u00eda y Capacitaci\u00f3n Jur\u00eddica\u201d para llevar a cabo las investigaciones y el esclarecimiento de las responsabilidades.<\/p>\n\n\n\n<p>\u201cEstamos consternados por estos reportes de violencia escolar que se han registrado, sin embargo, ya estamos tomando las diligencias correspondientes para esclarecer los hechos, asimismo brindar el apoyo a las partes afectadas a fin de que este tipo de actos sean erradicados en nuestros centros escolares\u201d, mencion\u00f3 la delegada regional.<\/p>\n\n\n\n<p>Agreg\u00f3 que ya se han implementado los protocolos escolares, a fin de que la supervisi\u00f3n escolar y la direcci\u00f3n de ambos planteles, brinden la informaci\u00f3n y el procedimiento que se necesita para atender de manera oportuna este tipo de sucesos.<\/p>\n\n\n\n<p>\u201cNuestro compromiso con las ni\u00f1as, ni\u00f1os y adolescentes en Veracruz es garantizar su seguridad y desarrollo integral, los actos de violencia son reprobables y no permitiremos que contin\u00faen registr\u00e1ndose en nuestros centros escolares, los resultados de las investigaciones ser\u00e1n canalizadas a los niveles educativos, que son los encargados de realizar los procedimientos sancionadores en la Secretar\u00eda de Educaci\u00f3n\u201d, puntualiz\u00f3.<\/p>\n\n\n\n<p>A\u00f1adi\u00f3, que de manera inmediata el departamento Jur\u00eddico y el \u00e1rea de Asesor\u00eda y Capacitaci\u00f3n Jur\u00eddica de la Delegaci\u00f3n de la SEV zona Veracruz, han citado a los involucrados en los hechos para tomar los acuerdos previos, con el prop\u00f3sito de brindar agilidad en los procesos resolutivos de los niveles educativos.<\/p>\n\n\n\n<p>Por \u00faltimo, la maestra Diana Santiago Huesca se\u00f1al\u00f3 que ya se han gestionado la intervenci\u00f3n de las \u00e1reas de Prevenci\u00f3n de los Delitos por parte de la Secretar\u00eda de Seguridad P\u00fablica en el Estado de Veracruz y de la Guardia Nacional, para que a trav\u00e9s de platicas dirigidas a las comunidades escolares, se brinde orientaci\u00f3n de la prevenci\u00f3n de estos actos, con la finalidad de generar conciencia y erradicar cualquier manifestaci\u00f3n de violencia en las escuelas.&nbsp;<\/p>\n","protected":false},"excerpt":{"rendered":"<p>Alejandro \u00c1vila Veracruz, Ver.- La delegaci\u00f3n regional de la Secretar\u00eda de Educaci\u00f3n de Veracruz (SEV), a cargo de Diana Santiago Huesca, inici\u00f3 con las tareas de investigaci\u00f3n y atenci\u00f3n a los casos de violencia f\u00edsica que se han suscitado en la \u00faltima semana en escuelas del Puerto de Veracruz. Cabe recordar que en los \u00faltimos [&hellip;]<\/p>\n","protected":false},"author":2476,"featured_media":41625,"comment_status":"open","ping_status":"open","sticky":false,"template":"","format":"standard","meta":{"_jetpack_memberships_contains_paid_content":false,"footnotes":""},"categories":[2],"tags":[],"class_list":["post-41624","post","type-post","status-publish","format-standard","has-post-thumbnail","hentry","category-estado"],"jetpack_featured_media_url":"https:\/\/encuentroinformativo.com.mx\/wp-content\/uploads\/2023\/06\/IMG-20230607-WA0016.jpg","jetpack_sharing_enabled":true,"jetpack_likes_enabled":true,"amp_enabled":true,"_links":{"self":[{"href":"https:\/\/encuentroinformativo.com.mx\/index.php?rest_route=\/wp\/v2\/posts\/41624","targetHints":{"allow":["GET"]}}],"collection":[{"href":"https:\/\/encuentroinformativo.com.mx\/index.php?rest_route=\/wp\/v2\/posts"}],"about":[{"href":"https:\/\/encuentroinformativo.com.mx\/index.php?rest_route=\/wp\/v2\/types\/post"}],"author":[{"embeddable":true,"href":"https:\/\/encuentroinformativo.com.mx\/index.php?rest_route=\/wp\/v2\/users\/2476"}],"replies":[{"embeddable":true,"href":"https:\/\/encuentroinformativo.com.mx\/index.php?rest_route=%2Fwp%2Fv2%2Fcomments&post=41624"}],"version-history":[{"count":1,"href":"https:\/\/encuentroinformativo.com.mx\/index.php?rest_route=\/wp\/v2\/posts\/41624\/revisions"}],"predecessor-version":[{"id":41626,"href":"https:\/\/encuentroinformativo.com.mx\/index.php?rest_route=\/wp\/v2\/posts\/41624\/revisions\/41626"}],"wp:featuredmedia":[{"embeddable":true,"href":"https:\/\/encuentroinformativo.com.mx\/index.php?rest_route=\/wp\/v2\/media\/41625"}],"wp:attachment":[{"href":"https:\/\/encuentroinformativo.com.mx\/index.php?rest_route=%2Fwp%2Fv2%2Fmedia&parent=41624"}],"wp:term":[{"taxonomy":"category","embeddable":true,"href":"https:\/\/encuentroinformativo.com.mx\/index.php?rest_route=%2Fwp%2Fv2%2Fcategories&post=41624"},{"taxonomy":"post_tag","embeddable":true,"href":"https:\/\/encuentroinformativo.com.mx\/index.php?rest_route=%2Fwp%2Fv2%2Ftags&post=41624"}],"curies":[{"name":"wp","href":"https:\/\/api.w.org\/{rel}","templated":true}]}}