{"id":41627,"date":"2023-06-07T11:30:20","date_gmt":"2023-06-07T17:30:20","guid":{"rendered":"https:\/\/encuentroinformativo.com.mx\/?p=41627"},"modified":"2023-06-07T11:30:24","modified_gmt":"2023-06-07T17:30:24","slug":"presume-delegado-programas-bienestar-en-veracruz","status":"publish","type":"post","link":"https:\/\/encuentroinformativo.com.mx\/?p=41627","title":{"rendered":"Presume delegado programas Bienestar en Veracruz"},"content":{"rendered":"\n<p><strong>Alejandro \u00c1vila<\/strong><\/p>\n\n\n\n<p>Veracruz, Ver.- El delegado de Bienestar en Veracruz, Manuel Huerta Ladr\u00f3n de Guevara, result\u00f3 el mejor evaluado en los programas de medici\u00f3n a nivel nacional en cuanto a entrega de apoyos federales.<\/p>\n\n\n\n<p>A inicio de semana, todos los delegados fueron citados en la Ciudad de M\u00e9xico por la secretaria de Bienestar, Ariadna Montiel Reyes, quien destac\u00f3 el importante avance en la atenci\u00f3n a los beneficiarios de los programas sociales en Veracruz.<\/p>\n\n\n\n<p>As\u00ed mismo, el coordinador general de los programas para el Bienestar, Carlos Torres Rosas, agreg\u00f3 que Manuel Huerta Ladr\u00f3n de Guevara ha cumplido en tiempo y forma cada una de las metas establecidas para el presente a\u00f1o.<\/p>\n\n\n\n<p>En ese sentido, el delegado de Bienestar en Veracruz confirm\u00f3 que 7 de cada 10 hogares ya cuentan con al menos un programa social, lo que impacta de manera directa en la econom\u00eda de cada regi\u00f3n de la entidad y, advirti\u00f3 que la entrega de recursos para programas como \u201cLa Escuela es Nuestra\u201d (LEEN) generan un importante detonante en la actividad econ\u00f3mica de las localidades a las que llega este apoyo del Gobierno de M\u00e9xico.<\/p>\n\n\n\n<p>LEEN se enfoca en mejorar la infraestructura escolar de las zonas de alta marginaci\u00f3n y pobreza, lo que genera gran actividad en la econom\u00eda regional al contratar mano de obra de la misma comunidad y adquirir los materiales de construcci\u00f3n en la zona. Manuel Huerta expuso que a casi cinco a\u00f1os de iniciada la Transformaci\u00f3n los Programas Sociales han alcanzado su prop\u00f3sito mejorando la calidad de vida de la poblaci\u00f3n.<\/p>\n\n\n\n<p>Destac\u00f3 que el programa de becas &#8220;Benito Ju\u00e1rez&#8221; no s\u00f3lo ha logrado bajar a su m\u00ednima expresi\u00f3n la deserci\u00f3n escolar, sino ha resultado un factor definitivo para combatir la delincuencia e inseguridad.<\/p>\n\n\n\n<p>El delegado de Bienestar inform\u00f3 tambi\u00e9n que Veracruz est\u00e1 por concluir la bancarizaci\u00f3n de los beneficiarios de todos sus programas sociales pues dijo que, para el pr\u00f3ximo bimestre, correspondiente a los meses de julio-agosto, ser\u00e1 la \u00faltima ocasi\u00f3n en que se pague la pensi\u00f3n de los adultos mayores en mesa de atenci\u00f3n, pues se concluye la entrega de sus tarjetas del Banco de Bienestar donde todos recibir\u00e1n sus dep\u00f3sitos y podr\u00e1n cobrar de manera directa en los cajeros.<\/p>\n\n\n\n<p>La apertura de las sucursales del Banco de Bienestar mereci\u00f3 tambi\u00e9n el reconocimiento de las autoridades del Gobierno de M\u00e9xico para Veracruz, pues la meta establecida se cumple en tiempo y forma, brindando cada vez un mejor servicio a los derechohabientes de los Programas Sociales.&nbsp;<\/p>\n\n\n\n<p>\u201cY el proyecto es cada vez m\u00e1s ambicioso, aperturando nuevas sucursales en colonias, comunidades y localidades donde la banca comercial tradicional no puede o no quiere abrir sucursales y es ah\u00ed donde nosotros estamos llegando para beneficiar a las familias m\u00e1s pobres, abriendo un Banco del Bienestar para que no tengan que trasladarse hasta las grandes ciudades a cobrar su dinero, sus remesas o simplemente guardar su dinero\u201d, explic\u00f3 Manuel Huerta.<\/p>\n","protected":false},"excerpt":{"rendered":"<p>Alejandro \u00c1vila Veracruz, Ver.- El delegado de Bienestar en Veracruz, Manuel Huerta Ladr\u00f3n de Guevara, result\u00f3 el mejor evaluado en los programas de medici\u00f3n a nivel nacional en cuanto a entrega de apoyos federales. A inicio de semana, todos los delegados fueron citados en la Ciudad de M\u00e9xico por la secretaria de Bienestar, Ariadna Montiel [&hellip;]<\/p>\n","protected":false},"author":2476,"featured_media":41628,"comment_status":"open","ping_status":"open","sticky":false,"template":"","format":"standard","meta":{"_jetpack_memberships_contains_paid_content":false,"footnotes":""},"categories":[2],"tags":[],"class_list":["post-41627","post","type-post","status-publish","format-standard","has-post-thumbnail","hentry","category-estado"],"jetpack_featured_media_url":"https:\/\/encuentroinformativo.com.mx\/wp-content\/uploads\/2023\/06\/IMG-20230607-WA00182.jpg","jetpack_sharing_enabled":true,"jetpack_likes_enabled":true,"amp_enabled":true,"_links":{"self":[{"href":"https:\/\/encuentroinformativo.com.mx\/index.php?rest_route=\/wp\/v2\/posts\/41627","targetHints":{"allow":["GET"]}}],"collection":[{"href":"https:\/\/encuentroinformativo.com.mx\/index.php?rest_route=\/wp\/v2\/posts"}],"about":[{"href":"https:\/\/encuentroinformativo.com.mx\/index.php?rest_route=\/wp\/v2\/types\/post"}],"author":[{"embeddable":true,"href":"https:\/\/encuentroinformativo.com.mx\/index.php?rest_route=\/wp\/v2\/users\/2476"}],"replies":[{"embeddable":true,"href":"https:\/\/encuentroinformativo.com.mx\/index.php?rest_route=%2Fwp%2Fv2%2Fcomments&post=41627"}],"version-history":[{"count":1,"href":"https:\/\/encuentroinformativo.com.mx\/index.php?rest_route=\/wp\/v2\/posts\/41627\/revisions"}],"predecessor-version":[{"id":41629,"href":"https:\/\/encuentroinformativo.com.mx\/index.php?rest_route=\/wp\/v2\/posts\/41627\/revisions\/41629"}],"wp:featuredmedia":[{"embeddable":true,"href":"https:\/\/encuentroinformativo.com.mx\/index.php?rest_route=\/wp\/v2\/media\/41628"}],"wp:attachment":[{"href":"https:\/\/encuentroinformativo.com.mx\/index.php?rest_route=%2Fwp%2Fv2%2Fmedia&parent=41627"}],"wp:term":[{"taxonomy":"category","embeddable":true,"href":"https:\/\/encuentroinformativo.com.mx\/index.php?rest_route=%2Fwp%2Fv2%2Fcategories&post=41627"},{"taxonomy":"post_tag","embeddable":true,"href":"https:\/\/encuentroinformativo.com.mx\/index.php?rest_route=%2Fwp%2Fv2%2Ftags&post=41627"}],"curies":[{"name":"wp","href":"https:\/\/api.w.org\/{rel}","templated":true}]}}