{"id":41633,"date":"2023-06-07T13:10:14","date_gmt":"2023-06-07T19:10:14","guid":{"rendered":"https:\/\/encuentroinformativo.com.mx\/?p=41633"},"modified":"2023-06-07T13:10:19","modified_gmt":"2023-06-07T19:10:19","slug":"operativo-de-limpieza-de-canales-previo-a-lluvias-en-medellin-de-bravo","status":"publish","type":"post","link":"https:\/\/encuentroinformativo.com.mx\/?p=41633","title":{"rendered":"Operativo de limpieza de canales previo a lluvias en Medell\u00edn de Bravo"},"content":{"rendered":"\n<p><strong>Alejandro \u00c1vila<\/strong><\/p>\n\n\n\n<p>Medell\u00edn de Bravo, Ver.- Con el prop\u00f3sito de evitar inundaciones y afectaciones a las viviendas de los medellinenses, el alcalde, Marcos Isle\u00f1o Andrade, puso en marcha un programa de desazolve de canales en el municipio.<\/p>\n\n\n\n<p>Los trabajos est\u00e1n a cargo de la direcci\u00f3n de Obras P\u00fablicas, encabezada por Patricia Ram\u00edrez Silva, en coordinaci\u00f3n con la Direcci\u00f3n de Embellecimiento Urbano, a cargo de Arturo Arcos Fuentes; la primera etapa se realiz\u00f3 en los canales de El Tejar 1 y 2, Arboleda San Ram\u00f3n, Los Robles, La Laguna y La Bocana, en Paso del Toro.&nbsp;<\/p>\n\n\n\n<p>El objetivo de este programa es reducir el riesgo de inundaciones durante la temporada de lluvias y mantener a la poblaci\u00f3n libre de cualquier foco de infecci\u00f3n que pudiera generarse.&nbsp;<\/p>\n\n\n\n<p>La Directora de Obras P\u00fablicas, Patricia Ram\u00edrez Silva coment\u00f3 que el personal ya realiza los trabajos en menci\u00f3n, los cuales tendr\u00e1n una duraci\u00f3n de tres semanas.&nbsp;<\/p>\n\n\n\n<p>Con estas acciones, miles de medellinenses estar\u00e1n m\u00e1s seguros ante los riesgos de inundaci\u00f3n, toda vez que las lluvias han iniciado en la regi\u00f3n costera central del estado.<\/p>\n","protected":false},"excerpt":{"rendered":"<p>Alejandro \u00c1vila Medell\u00edn de Bravo, Ver.- Con el prop\u00f3sito de evitar inundaciones y afectaciones a las viviendas de los medellinenses, el alcalde, Marcos Isle\u00f1o Andrade, puso en marcha un programa de desazolve de canales en el municipio. Los trabajos est\u00e1n a cargo de la direcci\u00f3n de Obras P\u00fablicas, encabezada por Patricia Ram\u00edrez Silva, en coordinaci\u00f3n [&hellip;]<\/p>\n","protected":false},"author":2476,"featured_media":41634,"comment_status":"open","ping_status":"open","sticky":false,"template":"","format":"standard","meta":{"_jetpack_memberships_contains_paid_content":false,"footnotes":""},"categories":[2],"tags":[],"class_list":["post-41633","post","type-post","status-publish","format-standard","has-post-thumbnail","hentry","category-estado"],"jetpack_featured_media_url":"https:\/\/encuentroinformativo.com.mx\/wp-content\/uploads\/2023\/06\/IMG-20230607-WA0034.jpg","jetpack_sharing_enabled":true,"jetpack_likes_enabled":true,"amp_enabled":true,"_links":{"self":[{"href":"https:\/\/encuentroinformativo.com.mx\/index.php?rest_route=\/wp\/v2\/posts\/41633","targetHints":{"allow":["GET"]}}],"collection":[{"href":"https:\/\/encuentroinformativo.com.mx\/index.php?rest_route=\/wp\/v2\/posts"}],"about":[{"href":"https:\/\/encuentroinformativo.com.mx\/index.php?rest_route=\/wp\/v2\/types\/post"}],"author":[{"embeddable":true,"href":"https:\/\/encuentroinformativo.com.mx\/index.php?rest_route=\/wp\/v2\/users\/2476"}],"replies":[{"embeddable":true,"href":"https:\/\/encuentroinformativo.com.mx\/index.php?rest_route=%2Fwp%2Fv2%2Fcomments&post=41633"}],"version-history":[{"count":1,"href":"https:\/\/encuentroinformativo.com.mx\/index.php?rest_route=\/wp\/v2\/posts\/41633\/revisions"}],"predecessor-version":[{"id":41635,"href":"https:\/\/encuentroinformativo.com.mx\/index.php?rest_route=\/wp\/v2\/posts\/41633\/revisions\/41635"}],"wp:featuredmedia":[{"embeddable":true,"href":"https:\/\/encuentroinformativo.com.mx\/index.php?rest_route=\/wp\/v2\/media\/41634"}],"wp:attachment":[{"href":"https:\/\/encuentroinformativo.com.mx\/index.php?rest_route=%2Fwp%2Fv2%2Fmedia&parent=41633"}],"wp:term":[{"taxonomy":"category","embeddable":true,"href":"https:\/\/encuentroinformativo.com.mx\/index.php?rest_route=%2Fwp%2Fv2%2Fcategories&post=41633"},{"taxonomy":"post_tag","embeddable":true,"href":"https:\/\/encuentroinformativo.com.mx\/index.php?rest_route=%2Fwp%2Fv2%2Ftags&post=41633"}],"curies":[{"name":"wp","href":"https:\/\/api.w.org\/{rel}","templated":true}]}}