{"id":41639,"date":"2023-06-07T13:13:55","date_gmt":"2023-06-07T19:13:55","guid":{"rendered":"https:\/\/encuentroinformativo.com.mx\/?p=41639"},"modified":"2023-06-07T13:13:59","modified_gmt":"2023-06-07T19:13:59","slug":"reportera-de-minatitlan-denuncia-por-amenazas-y-acoso-a-lider-social","status":"publish","type":"post","link":"https:\/\/encuentroinformativo.com.mx\/?p=41639","title":{"rendered":"Reportera de Minatitl\u00e1n denuncia por amenazas y acoso a l\u00edder social"},"content":{"rendered":"\n<p><strong>Alejandro \u00c1vila<\/strong><\/p>\n\n\n\n<p>Cosoleacaque, Ver.- Mary Carmen Rosas Alcal\u00e1, directora del medio de comunicaci\u00f3n digital Alcal\u00e1 Noticias, denunci\u00f3 al supuesto lider social, Roselvert N, originario de Oteapan, por el delito de amenazas, acoso y violencia digital, toda vez que desde hace varios meses mantiene una campa\u00f1a de desprestigio en contra de la comunicadora.<\/p>\n\n\n\n<p>La comunicadora se present\u00f3 en la Sub Unidad de Atenci\u00f3n Temprana de XXl Distrito Judicial en Cosoleacaque, donde la reportera present\u00f3 evidencias de la campa\u00f1a de acoso que ha emprendido el sujeto ubicado como Roselvert &#8220;N&#8221;, mejor conocido como &#8220;El Pantano&#8221;, quien es ubicado entre la gente de su pueblo como un generador de conflictos y de violencia contra diversas personas que le resultan incomodas.<\/p>\n\n\n\n<p>Entre las evidencias presentadas, van comentarios de la p\u00e1gina Oteapan Vive, que maneja el propio se\u00f1alado, y desde donde se han hecho comentarios ofensivos contra la comunicadora.<\/p>\n\n\n\n<p>Incluso, present\u00f3 pruebas de fotos de ella editadas en donde dieron a conocer sus datos personales y la se\u00f1alaron de ser una persona de mala reputaci\u00f3n, exponiendo su rostro y n\u00famero telef\u00f3nico todo con el fin de denostarla.<\/p>\n\n\n\n<p>Rosas Alcal\u00e1 expres\u00f3 que han sido muchos los mensajes que v\u00eda Messenger este sujeto le env\u00eda para acosarla, y despu\u00e9s de que ella no accedi\u00f3 a sus acosos, comenz\u00f3 con las agresiones y amenazas, al grado de dar a entender que si visitaba el pueblo de Oteapan ser\u00eda blanco de una agresi\u00f3n.<\/p>\n\n\n\n<p>Dentro de la carpeta de investigaci\u00f3n, CLC\/DXXI\/UAT\/2008\/2023 la comunicadora pidi\u00f3 la protecci\u00f3n de las autoridades pues sabe que Roselvert &#8220;N&#8221; comanda diversos grupos de personas en Oteapan que son violentas y que se han visto relacionadas en diversos hechos delictivos que han afectado las v\u00edas de comunicaci\u00f3n federales, por lo cual teme por su integridad, ya que son personas con capacidad para causar da\u00f1o.<\/p>\n\n\n\n<p>Acompa\u00f1ada por personal jur\u00eddico de la Comisi\u00f3n Estatal de Atenci\u00f3n y Protecci\u00f3n a Periodistas, la reportera se\u00f1al\u00f3 a otras personas dentro de su denuncia, pero en particular a Roselvert &#8220;N&#8221; como el principal incitador de los delitos en su contra, odio y desprestigio, todo porque en su momento en su p\u00e1gina Alcal\u00e1 Noticias public\u00f3 una foto en donde \u00e9l fue detenido presuntamente por haber sostenido conflictos con un alcalde de Oteapan, lo cual fue publicado en su momento en diversos medios de comunicaci\u00f3n y redes sociales.<\/p>\n\n\n\n<p>Debe indicarse que el gobernador de Veracruz, Cuitl\u00e1huac Garc\u00eda Jim\u00e9nez, as\u00ed como el Presidente de la Rep\u00fablica, han dicho en todo momento que se proteger\u00e1 a los reporteros en M\u00e9xico, por lo que solicit\u00f3 la protecci\u00f3n de estos niveles de gobierno para que intervengan y se investiguen los hechos denunciados.<\/p>\n","protected":false},"excerpt":{"rendered":"<p>Alejandro \u00c1vila Cosoleacaque, Ver.- Mary Carmen Rosas Alcal\u00e1, directora del medio de comunicaci\u00f3n digital Alcal\u00e1 Noticias, denunci\u00f3 al supuesto lider social, Roselvert N, originario de Oteapan, por el delito de amenazas, acoso y violencia digital, toda vez que desde hace varios meses mantiene una campa\u00f1a de desprestigio en contra de la comunicadora. La comunicadora se [&hellip;]<\/p>\n","protected":false},"author":2476,"featured_media":41640,"comment_status":"open","ping_status":"open","sticky":false,"template":"","format":"standard","meta":{"_jetpack_memberships_contains_paid_content":false,"footnotes":""},"categories":[2],"tags":[],"class_list":["post-41639","post","type-post","status-publish","format-standard","has-post-thumbnail","hentry","category-estado"],"jetpack_featured_media_url":"https:\/\/encuentroinformativo.com.mx\/wp-content\/uploads\/2023\/06\/IMG-20230607-WA00232.jpg","jetpack_sharing_enabled":true,"jetpack_likes_enabled":true,"amp_enabled":true,"_links":{"self":[{"href":"https:\/\/encuentroinformativo.com.mx\/index.php?rest_route=\/wp\/v2\/posts\/41639","targetHints":{"allow":["GET"]}}],"collection":[{"href":"https:\/\/encuentroinformativo.com.mx\/index.php?rest_route=\/wp\/v2\/posts"}],"about":[{"href":"https:\/\/encuentroinformativo.com.mx\/index.php?rest_route=\/wp\/v2\/types\/post"}],"author":[{"embeddable":true,"href":"https:\/\/encuentroinformativo.com.mx\/index.php?rest_route=\/wp\/v2\/users\/2476"}],"replies":[{"embeddable":true,"href":"https:\/\/encuentroinformativo.com.mx\/index.php?rest_route=%2Fwp%2Fv2%2Fcomments&post=41639"}],"version-history":[{"count":1,"href":"https:\/\/encuentroinformativo.com.mx\/index.php?rest_route=\/wp\/v2\/posts\/41639\/revisions"}],"predecessor-version":[{"id":41641,"href":"https:\/\/encuentroinformativo.com.mx\/index.php?rest_route=\/wp\/v2\/posts\/41639\/revisions\/41641"}],"wp:featuredmedia":[{"embeddable":true,"href":"https:\/\/encuentroinformativo.com.mx\/index.php?rest_route=\/wp\/v2\/media\/41640"}],"wp:attachment":[{"href":"https:\/\/encuentroinformativo.com.mx\/index.php?rest_route=%2Fwp%2Fv2%2Fmedia&parent=41639"}],"wp:term":[{"taxonomy":"category","embeddable":true,"href":"https:\/\/encuentroinformativo.com.mx\/index.php?rest_route=%2Fwp%2Fv2%2Fcategories&post=41639"},{"taxonomy":"post_tag","embeddable":true,"href":"https:\/\/encuentroinformativo.com.mx\/index.php?rest_route=%2Fwp%2Fv2%2Ftags&post=41639"}],"curies":[{"name":"wp","href":"https:\/\/api.w.org\/{rel}","templated":true}]}}