{"id":41642,"date":"2023-06-07T13:17:29","date_gmt":"2023-06-07T19:17:29","guid":{"rendered":"https:\/\/encuentroinformativo.com.mx\/?p=41642"},"modified":"2023-06-07T13:17:33","modified_gmt":"2023-06-07T19:17:33","slug":"periodistas-de-veracruz-puerto-reciben-premio-libertad-de-expresion","status":"publish","type":"post","link":"https:\/\/encuentroinformativo.com.mx\/?p=41642","title":{"rendered":"Periodistas de Veracruz puerto reciben premio \u201cLibertad de Expresi\u00f3n\u201d"},"content":{"rendered":"\n<p><strong>Alejandro \u00c1vila<\/strong><\/p>\n\n\n\n<p>Veracruz, Ver.- La Asociaci\u00f3n Mexicana de Comunicadores y Periodistas (AMECOPE) dar\u00e1 el galard\u00f3n de &#8220;Libertad de Expresi\u00f3n 2023&#8221; a 5 comunicadores integrantes de la delegaci\u00f3n de Veracruz puerto.<\/p>\n\n\n\n<p>Roc\u00edo Rivera M\u00e9ndez, directora general del portal de noticias \u201cVeracruz Informa\u201d; Reyna Le\u00f3n M\u00e9ndez, directora general del sitio web \u201cC\u00f3digo Informativo\u201d; Ricardo Chua Agama, columnista de \u201cNotiver\u201d; Andr\u00e9s Salom\u00f3n P\u00e9rez, periodista de la p\u00e1gina digital Vanguardia Veracruz y V\u00edctor Ochoa, director del sitio web de noticias \u201cCr\u00f3nica Veracruz\u201d, son quienes recibir\u00e1n un reconocimiento por su trayectoria profesional.<\/p>\n\n\n\n<p>Cabe destacar que algunos de los premiados iniciaron su vida period\u00edstica en los medios impresos, e incursionaron en la radio, pero su entrega al periodismo los hizo adaptarse a los cambios que trajo la era digital y su trabajo sigue estando vigente.&nbsp;<\/p>\n\n\n\n<p>El evento tendr\u00e1 lugar en el municipio de Coatzacoalcos, y es ah\u00ed donde se realizar\u00e1 la entrega de reconocimientos por parte de la AMECOPE- Veracruz, que preside Juan De Dios S\u00e1nchez Abreu, en donde se concentrar\u00e1n los representantes y galardonados de las diferentes delegaciones, quienes reconocer\u00e1n a sus integrantes m\u00e1s destacados de este a\u00f1o.<\/p>\n","protected":false},"excerpt":{"rendered":"<p>Alejandro \u00c1vila Veracruz, Ver.- La Asociaci\u00f3n Mexicana de Comunicadores y Periodistas (AMECOPE) dar\u00e1 el galard\u00f3n de &#8220;Libertad de Expresi\u00f3n 2023&#8221; a 5 comunicadores integrantes de la delegaci\u00f3n de Veracruz puerto. Roc\u00edo Rivera M\u00e9ndez, directora general del portal de noticias \u201cVeracruz Informa\u201d; Reyna Le\u00f3n M\u00e9ndez, directora general del sitio web \u201cC\u00f3digo Informativo\u201d; Ricardo Chua Agama, columnista [&hellip;]<\/p>\n","protected":false},"author":2476,"featured_media":41643,"comment_status":"open","ping_status":"open","sticky":false,"template":"","format":"standard","meta":{"_jetpack_memberships_contains_paid_content":false,"footnotes":""},"categories":[2],"tags":[],"class_list":["post-41642","post","type-post","status-publish","format-standard","has-post-thumbnail","hentry","category-estado"],"jetpack_featured_media_url":"https:\/\/encuentroinformativo.com.mx\/wp-content\/uploads\/2023\/06\/IMG-20230607-WA00253.jpg","jetpack_sharing_enabled":true,"jetpack_likes_enabled":true,"amp_enabled":true,"_links":{"self":[{"href":"https:\/\/encuentroinformativo.com.mx\/index.php?rest_route=\/wp\/v2\/posts\/41642","targetHints":{"allow":["GET"]}}],"collection":[{"href":"https:\/\/encuentroinformativo.com.mx\/index.php?rest_route=\/wp\/v2\/posts"}],"about":[{"href":"https:\/\/encuentroinformativo.com.mx\/index.php?rest_route=\/wp\/v2\/types\/post"}],"author":[{"embeddable":true,"href":"https:\/\/encuentroinformativo.com.mx\/index.php?rest_route=\/wp\/v2\/users\/2476"}],"replies":[{"embeddable":true,"href":"https:\/\/encuentroinformativo.com.mx\/index.php?rest_route=%2Fwp%2Fv2%2Fcomments&post=41642"}],"version-history":[{"count":1,"href":"https:\/\/encuentroinformativo.com.mx\/index.php?rest_route=\/wp\/v2\/posts\/41642\/revisions"}],"predecessor-version":[{"id":41644,"href":"https:\/\/encuentroinformativo.com.mx\/index.php?rest_route=\/wp\/v2\/posts\/41642\/revisions\/41644"}],"wp:featuredmedia":[{"embeddable":true,"href":"https:\/\/encuentroinformativo.com.mx\/index.php?rest_route=\/wp\/v2\/media\/41643"}],"wp:attachment":[{"href":"https:\/\/encuentroinformativo.com.mx\/index.php?rest_route=%2Fwp%2Fv2%2Fmedia&parent=41642"}],"wp:term":[{"taxonomy":"category","embeddable":true,"href":"https:\/\/encuentroinformativo.com.mx\/index.php?rest_route=%2Fwp%2Fv2%2Fcategories&post=41642"},{"taxonomy":"post_tag","embeddable":true,"href":"https:\/\/encuentroinformativo.com.mx\/index.php?rest_route=%2Fwp%2Fv2%2Ftags&post=41642"}],"curies":[{"name":"wp","href":"https:\/\/api.w.org\/{rel}","templated":true}]}}