{"id":41651,"date":"2023-06-07T16:11:25","date_gmt":"2023-06-07T22:11:25","guid":{"rendered":"https:\/\/encuentroinformativo.com.mx\/?p=41651"},"modified":"2023-06-07T16:11:29","modified_gmt":"2023-06-07T22:11:29","slug":"trabajando-celebran-reporteras-dia-de-la-libertad-de-expresion","status":"publish","type":"post","link":"https:\/\/encuentroinformativo.com.mx\/?p=41651","title":{"rendered":"Trabajando, celebran reporteras D\u00eda de la Libertad de Expresi\u00f3n"},"content":{"rendered":"\n<p><strong>Juan Arcos <\/strong><\/p>\n\n\n\n<p>Xalapa, Ver.- Ariadna Garc\u00eda y Susana Garc\u00eda Parra van tras la noticia todos los d\u00edas. Ejercen su libertad de expresi\u00f3n como destacadas reporteras en la ciudad de Xalapa. Se esmeran para dar voz a los m\u00e1s vulnerables, contar historias y difundir hechos de relevancia social.<\/p>\n\n\n\n<p>Ari, como es conocida en el gremio period\u00edstico, lleva m\u00e1s de diez a\u00f1os ejerciendo la profesi\u00f3n. Estudi\u00f3 la carrera de Ciencias de la Comunicaci\u00f3n en una universidad privada en el estado de Puebla. Es originaria del municipio de Perote e inici\u00f3 su trayectoria en un peri\u00f3dico de la capital.<\/p>\n\n\n\n<p>Desde hace casi cinco meses est\u00e1 felizmente embarazada y le emociona esta etapa en su vida. No ha dejado de laborar en todo este tiempo y no dejar\u00e1 de hacerlo, siempre y cuando, su condici\u00f3n f\u00edsica lo permita.<\/p>\n\n\n\n<p>Lleva en su vientre a su peque\u00f1a hija durante la cobertura de manifestaciones y eventos de los tres \u00f3rdenes de Gobierno. Le muestra que desempe\u00f1ar la profesi\u00f3n que eligi\u00f3 es de gran satisfacci\u00f3n.<\/p>\n\n\n\n<p>\u201cEs una experiencia totalmente nueva para m\u00ed. No he dejado de trabajar en todo este tiempo y no pienso hacerlo, incluso, teniendo ya a mi bebita, es algo que tambi\u00e9n me motiva, que me impulsa a seguir haciendo mi trabajo bien todos los d\u00edas, desde muy temprano en la calle, buscando la nota, buscando la manifestaci\u00f3n, buscando dar esa voz que la gente necesita\u201d.<\/p>\n\n\n\n<p>Su din\u00e1mica ha cambiado. Ahora tambi\u00e9n lleva consigo una mochila con agua, vitaminas y alimentos, en caso de que su jornada laboral se prolongue, pues no debe pasar varias horas de ayuno y el bienestar de su beb\u00e9 es una prioridad.<\/p>\n\n\n\n<p>Ari labora este 7 de junio<strong>, D\u00eda de la Libertad de Expresi\u00f3n,<\/strong> como una fecha normal. Pasar\u00e1 su reporte en radio y redactar\u00e1 sus notas informativas para el peri\u00f3dico impreso m\u00e1s popular de la capital de Veracruz.<\/p>\n\n\n\n<p><strong>NOTA ROJA, LA PASI\u00d3N DE SUSY<\/strong><\/p>\n\n\n\n<p>Susy, como la llaman sus compa\u00f1eros y amigos, tambi\u00e9n destaca en el \u00e1mbito period\u00edstico. Es la \u00fanica reportera que acude a todos los acontecimientos de nota roja. Inici\u00f3 su carrera el 30 de enero de 2012.<\/p>\n\n\n\n<p>Ha pasado por todas las fuentes informativas, como gobierno del estado, ayuntamiento de Xalapa, Congreso local, las instancias electorales y los movimientos sociales. Siempre tuvo la inquietud de ser reportera de la secci\u00f3n policiaca, pero en los medios de comunicaci\u00f3n donde laboraba no tuvo la oportunidad.<\/p>\n\n\n\n<p>\u201cLleg\u00f3 el momento en el que me contratan en Golpe Pol\u00edtico, hace un par de a\u00f1os, cubr\u00eda diversas fuentes, diversas situaciones, pero el a\u00f1o pasado Ren\u00e9 Valdivia me ofrece cubrir la nota roja, aprender de eso y le dije que s\u00ed, que siempre tuve esa inquietud\u201d.<\/p>\n\n\n\n<p>El 15 de febrero del a\u00f1o pasado fue su primer d\u00eda como reportera policiaca. Se trata de una fuente que le apasiona cubrir y ejerce un olfato period\u00edstico para contar la historia detr\u00e1s de cualquier hecho, ya sea un incendio, un accidente o un asesinato.<\/p>\n\n\n\n<p>\u201cMe gusta poder decir qu\u00e9 hay atr\u00e1s de un incendio de una casa, de un deceso, de un accidente, me gusta llevar no solo la nota roja, sino una historia porque todas las situaciones que ocurren en Xalapa y alrededores tienen una historia detr\u00e1s y eso es lo que me apasiona de mi trabajo\u201d.<\/p>\n\n\n\n<p>Al principio Susy escuch\u00f3 comentarios donde la minimizaban por el hecho de ser una mujer que cubr\u00eda la fuente policiaca; sin embargo, eso no le import\u00f3 y pudo adaptarse a la din\u00e1mica reporteril.<\/p>\n\n\n\n<p>\u201cEs una fuente dif\u00edcil, complicada, pero finalmente es una fuente muy noble porque me ha hecho crear lazos bastante diferentes y significativos con los compa\u00f1eros que tambi\u00e9n cubren la nota roja\u201d.<\/p>\n\n\n\n<p>La joven reportera se traslada al lugar de los hechos noticiosos en su motoneta color azul, misma que le permite llegar con rapidez para informar a la poblaci\u00f3n mediante medios de comunicaci\u00f3n digitales y radio.<\/p>\n\n\n\n<p>Sin duda, Ari y Susy ejercen su libertad de expresi\u00f3n y lo hacen d\u00eda tras d\u00eda con gran profesionalismo y pasi\u00f3n. Ambas son j\u00f3venes pero con una amplia experiencia en el \u00e1mbito period\u00edstico.<\/p>\n\n\n\n<figure class=\"wp-block-image size-large\"><img loading=\"lazy\" decoding=\"async\" width=\"831\" height=\"607\" src=\"https:\/\/encuentroinformativo.com.mx\/wp-content\/uploads\/2023\/06\/IMG_50912.jpg\" alt=\"\" class=\"wp-image-41652\" srcset=\"https:\/\/encuentroinformativo.com.mx\/wp-content\/uploads\/2023\/06\/IMG_50912.jpg 831w, https:\/\/encuentroinformativo.com.mx\/wp-content\/uploads\/2023\/06\/IMG_50912-300x219.jpg 300w, https:\/\/encuentroinformativo.com.mx\/wp-content\/uploads\/2023\/06\/IMG_50912-768x561.jpg 768w, https:\/\/encuentroinformativo.com.mx\/wp-content\/uploads\/2023\/06\/IMG_50912-420x307.jpg 420w\" sizes=\"auto, (max-width: 831px) 100vw, 831px\" \/><\/figure>\n","protected":false},"excerpt":{"rendered":"<p>Juan Arcos Xalapa, Ver.- Ariadna Garc\u00eda y Susana Garc\u00eda Parra van tras la noticia todos los d\u00edas. Ejercen su libertad de expresi\u00f3n como destacadas reporteras en la ciudad de Xalapa. Se esmeran para dar voz a los m\u00e1s vulnerables, contar historias y difundir hechos de relevancia social. Ari, como es conocida en el gremio period\u00edstico, [&hellip;]<\/p>\n","protected":false},"author":2476,"featured_media":41653,"comment_status":"open","ping_status":"open","sticky":false,"template":"","format":"standard","meta":{"_jetpack_memberships_contains_paid_content":false,"footnotes":""},"categories":[3],"tags":[],"class_list":["post-41651","post","type-post","status-publish","format-standard","has-post-thumbnail","hentry","category-xalapa"],"jetpack_featured_media_url":"https:\/\/encuentroinformativo.com.mx\/wp-content\/uploads\/2023\/06\/IMG_50922.jpg","jetpack_sharing_enabled":true,"jetpack_likes_enabled":true,"amp_enabled":true,"_links":{"self":[{"href":"https:\/\/encuentroinformativo.com.mx\/index.php?rest_route=\/wp\/v2\/posts\/41651","targetHints":{"allow":["GET"]}}],"collection":[{"href":"https:\/\/encuentroinformativo.com.mx\/index.php?rest_route=\/wp\/v2\/posts"}],"about":[{"href":"https:\/\/encuentroinformativo.com.mx\/index.php?rest_route=\/wp\/v2\/types\/post"}],"author":[{"embeddable":true,"href":"https:\/\/encuentroinformativo.com.mx\/index.php?rest_route=\/wp\/v2\/users\/2476"}],"replies":[{"embeddable":true,"href":"https:\/\/encuentroinformativo.com.mx\/index.php?rest_route=%2Fwp%2Fv2%2Fcomments&post=41651"}],"version-history":[{"count":1,"href":"https:\/\/encuentroinformativo.com.mx\/index.php?rest_route=\/wp\/v2\/posts\/41651\/revisions"}],"predecessor-version":[{"id":41654,"href":"https:\/\/encuentroinformativo.com.mx\/index.php?rest_route=\/wp\/v2\/posts\/41651\/revisions\/41654"}],"wp:featuredmedia":[{"embeddable":true,"href":"https:\/\/encuentroinformativo.com.mx\/index.php?rest_route=\/wp\/v2\/media\/41653"}],"wp:attachment":[{"href":"https:\/\/encuentroinformativo.com.mx\/index.php?rest_route=%2Fwp%2Fv2%2Fmedia&parent=41651"}],"wp:term":[{"taxonomy":"category","embeddable":true,"href":"https:\/\/encuentroinformativo.com.mx\/index.php?rest_route=%2Fwp%2Fv2%2Fcategories&post=41651"},{"taxonomy":"post_tag","embeddable":true,"href":"https:\/\/encuentroinformativo.com.mx\/index.php?rest_route=%2Fwp%2Fv2%2Ftags&post=41651"}],"curies":[{"name":"wp","href":"https:\/\/api.w.org\/{rel}","templated":true}]}}