{"id":41658,"date":"2023-06-08T09:58:03","date_gmt":"2023-06-08T15:58:03","guid":{"rendered":"https:\/\/encuentroinformativo.com.mx\/?p=41658"},"modified":"2023-06-08T09:58:08","modified_gmt":"2023-06-08T15:58:08","slug":"el-cascabel-de-marcelo","status":"publish","type":"post","link":"https:\/\/encuentroinformativo.com.mx\/?p=41658","title":{"rendered":"EL CASCABEL DE MARCELO\u2026"},"content":{"rendered":"\n<p><strong>Los Pol\u00edticos\u00a0<\/strong><\/p>\n\n\n\n<p><strong>Salvador Mu\u00f1oz<\/strong><\/p>\n\n\n\n<p>La decisi\u00f3n de Marcelo Ebrard de anunciar su renuncia a la secretar\u00eda de Relaciones Exteriores, posterior, por supuesto, a la cena que tuvo con el presidente L\u00f3pez Obrador y las otras corcholatas, deja abierta la puerta para un\u00a0 mont\u00f3n de conjeturas:<\/p>\n\n\n\n<p>La primera, es que deja en claro que su Renuncia y los motivos que la orillan, debi\u00f3 acordarla con L\u00f3pez Obrador.<\/p>\n\n\n\n<p>La segunda, que nos expone a un pol\u00edtico que sabe de los tiempos, que sabe mover sus cartas, que sabe hacer tiros de precisi\u00f3n y que sabe llevar la batuta en el escenario en que se quiera desenvolver\u2026 no as\u00ed Claudia ni Ad\u00e1n, que aboga una a \u201cesperar los tiempos\u201d (es decir, \u201cno renuncio y cuento con recursos\u201d) y otro, comod\u00edn, se ampara en \u201clos tiempos del Se\u00f1or son perfectos\u201d que no es otra cosa que esperar a lo que le diga su Jefe\u2026<\/p>\n\n\n\n<p>La tercera, es que todo indica que Marcelo se va jugar el todo por el todo, a sabiendas de que puede ser su \u00faltima carta cuando en este momento, sus circunstancias le pueden ser m\u00e1s favorables que nunca: buena edad, mejor experiencia, mayor campo de acci\u00f3n; pues si no es hoy, las tres virtudes que tiene, en siete a\u00f1os, servir\u00e1n para nada\u2026<\/p>\n\n\n\n<p>Es claro para muchos, sean morenos, sean oposici\u00f3n, as\u00ed como ciudadanos de a pie, que en estos momentos Claudia Sheinbaum \u201cse siente\u201d Candidata, no por m\u00e9ritos propios, no por capacidad, no por experiencia, menos por conocimiento, sino porque la circunstancia que la favorece se llama L\u00f3pez Obrador, quien la infl\u00f3 al citarla favorita entre sus Corcholatas.<\/p>\n\n\n\n<p>Sin embargo, eso no impide que en un momento dado, la ungida de Morena para este 2024 sea Claudia porque con ello, de cierto modo, AMLO completar\u00eda sus aspiraciones de pasar a la historia como el Transformador que abri\u00f3 el escenario para que llegara a la presidencia una mujer\u2026 eso, si la memoria lo permite, porque ni siquiera est\u00e1 como el primer presidente de la alternancia, sino el tercero\u2026 quiz\u00e1s \u201cel honor\u201d de ser el m\u00e1s votado\u2026<\/p>\n\n\n\n<p>Si ese escenario se diera, Marcelo tendr\u00eda dos caminos que tomar:<\/p>\n\n\n\n<p>Aceptar la derrota as\u00ed como la jubilaci\u00f3n anticipada a su proyecto pol\u00edtico\u2026 o aplicar la de Ricardo Mej\u00eda: buscar su propio camino, por supuesto, nom\u00e1s jalando a la izquierda y no precisamente con el PT\u2026 Noro\u00f1a no creo que le diera tanto chance\u2026 queda ese margen que se cita en charlas de caf\u00e9 y a veces en alguna encuesta: Movimiento Ciudadano.<\/p>\n\n\n\n<p>Marcelo Ebrard en el partido naranja&nbsp; implicar\u00eda generar en el electorado una opci\u00f3n diferente por cualquier lado que se le viera\u2026 una opci\u00f3n para quienes a\u00fan no les cuadra esa rara alianza PAN-PRI-PRD\u2026 una opci\u00f3n para quienes se desilusionaron de Morena\u2026 una opci\u00f3n para quienes no le ven tama\u00f1o a Claudia\u2026 \u00a1vamos! hasta una opci\u00f3n para a quienes no les gusta la idea de imaginar tener a una mujer como Presidente, porque debe de haber mucho mis\u00f3gino todav\u00eda\u2026<\/p>\n\n\n\n<p>Por supuesto que esta sola idea, dentro del panismo se celebrar\u00eda porque implicar\u00eda a cerrarle el paso a Lilly T\u00e9llez como candidata, por una raz\u00f3n simplista: de ser la ungida Lilly T\u00e9llez, se tendr\u00eda a tres \u201cmorenos\u201d compitiendo por la presidencia en el 2024\u2026 Lilly T\u00e9llez, neopanista pero salida de las filas obradoristas; Marcelo, ni se diga; y Claudia por supuesto. Por lo que en una de \u00e9sas, el PAN podr\u00eda optar por la triste figura de Santiago Creel (citamos a \u00e9ste mientras no aparece otro).<\/p>\n\n\n\n<p>Como sea, que quede en claro que esto son puras conjeturas que nacen cuando Marcelo le est\u00e1 poniendo el cascabel al gato rumbo al 2024.<\/p>\n","protected":false},"excerpt":{"rendered":"<p>Los Pol\u00edticos\u00a0 Salvador Mu\u00f1oz La decisi\u00f3n de Marcelo Ebrard de anunciar su renuncia a la secretar\u00eda de Relaciones Exteriores, posterior, por supuesto, a la cena que tuvo con el presidente L\u00f3pez Obrador y las otras corcholatas, deja abierta la puerta para un\u00a0 mont\u00f3n de conjeturas: La primera, es que deja en claro que su Renuncia [&hellip;]<\/p>\n","protected":false},"author":2476,"featured_media":387,"comment_status":"open","ping_status":"open","sticky":false,"template":"","format":"standard","meta":{"_jetpack_memberships_contains_paid_content":false,"footnotes":""},"categories":[11],"tags":[],"class_list":["post-41658","post","type-post","status-publish","format-standard","has-post-thumbnail","hentry","category-opinion"],"jetpack_featured_media_url":"https:\/\/encuentroinformativo.com.mx\/wp-content\/uploads\/2020\/03\/7CF8A22B-2764-47BE-8F7F-38FE9E5D6A2F.jpeg","jetpack_sharing_enabled":true,"jetpack_likes_enabled":true,"amp_enabled":true,"_links":{"self":[{"href":"https:\/\/encuentroinformativo.com.mx\/index.php?rest_route=\/wp\/v2\/posts\/41658","targetHints":{"allow":["GET"]}}],"collection":[{"href":"https:\/\/encuentroinformativo.com.mx\/index.php?rest_route=\/wp\/v2\/posts"}],"about":[{"href":"https:\/\/encuentroinformativo.com.mx\/index.php?rest_route=\/wp\/v2\/types\/post"}],"author":[{"embeddable":true,"href":"https:\/\/encuentroinformativo.com.mx\/index.php?rest_route=\/wp\/v2\/users\/2476"}],"replies":[{"embeddable":true,"href":"https:\/\/encuentroinformativo.com.mx\/index.php?rest_route=%2Fwp%2Fv2%2Fcomments&post=41658"}],"version-history":[{"count":1,"href":"https:\/\/encuentroinformativo.com.mx\/index.php?rest_route=\/wp\/v2\/posts\/41658\/revisions"}],"predecessor-version":[{"id":41659,"href":"https:\/\/encuentroinformativo.com.mx\/index.php?rest_route=\/wp\/v2\/posts\/41658\/revisions\/41659"}],"wp:featuredmedia":[{"embeddable":true,"href":"https:\/\/encuentroinformativo.com.mx\/index.php?rest_route=\/wp\/v2\/media\/387"}],"wp:attachment":[{"href":"https:\/\/encuentroinformativo.com.mx\/index.php?rest_route=%2Fwp%2Fv2%2Fmedia&parent=41658"}],"wp:term":[{"taxonomy":"category","embeddable":true,"href":"https:\/\/encuentroinformativo.com.mx\/index.php?rest_route=%2Fwp%2Fv2%2Fcategories&post=41658"},{"taxonomy":"post_tag","embeddable":true,"href":"https:\/\/encuentroinformativo.com.mx\/index.php?rest_route=%2Fwp%2Fv2%2Ftags&post=41658"}],"curies":[{"name":"wp","href":"https:\/\/api.w.org\/{rel}","templated":true}]}}