{"id":41664,"date":"2023-06-08T10:07:49","date_gmt":"2023-06-08T16:07:49","guid":{"rendered":"https:\/\/encuentroinformativo.com.mx\/?p=41664"},"modified":"2023-06-08T10:07:52","modified_gmt":"2023-06-08T16:07:52","slug":"ebrard-como-calderon-en-2006","status":"publish","type":"post","link":"https:\/\/encuentroinformativo.com.mx\/?p=41664","title":{"rendered":"EBRARD, \u00bfCOMO CALDER\u00d3N EN 2006?"},"content":{"rendered":"\n<p><strong>ColumnaSinNombre<br>@pablojair<\/strong><\/p>\n\n\n\n<ul class=\"wp-block-list\"><li>Felicidades al jefe Ra\u00fal Olivares.<\/li><li>Ram\u00f3n Reyes Viveros, calentando brazo.<\/li><li>Los cartuchos quemados del PRIAN.<\/li><\/ul>\n\n\n\n<p>Esperemos que a T\u00e9llez Mari\u00e9 no le d\u00e9 otro infarto<br>&#8211;Chopenjawer<\/p>\n\n\n\n<p>En 2004, el entonces secretario de Energ\u00eda, Felipe Calder\u00f3n, se rebel\u00f3 ante el presidente Vicente Fox Quesada contra los deseos de \u00e9ste de colocar como candidato del PAN a la Presidencia a Santiago Creel, quien era el secretario de Gobernaci\u00f3n del foxismo.<\/p>\n\n\n\n<p>Por lo anterior, decidi\u00f3 renunciar a la Secretar\u00eda de Energ\u00eda (donde, se supone, lo ten\u00edan minimizado en sus aspiraciones); junto a \u00e9l se dio una desbandada de funcionarios y muestras de apoyo de panistas a nivel nacional.<\/p>\n\n\n\n<p>Fue as\u00ed como el &#8220;chaparrito pel\u00f3n de lentes&#8221; (as\u00ed le dijo Manuel Espino, entonces presidente nacional del PAN, hoy con los morenos) rem\u00f3 a contracorriente y venci\u00f3 a la parte oficialista: gan\u00f3 la elecci\u00f3n interna del PAN, Vicente Fox tuvo que ceder otorg\u00e1ndole la candidatura y finalmente &#8211;haiga sido como haiga sido&#8211; se convirti\u00f3 en Presidente de M\u00e9xico.<\/p>\n\n\n\n<p>El anuncio de este martes por parte del canciller Marcelo Ebrard recuerda mucho lo anterior: es el primero que avisa sobre su renuncia al cargo de secretario de Relaciones Exteriores para irse a buscar la candidatura de Morena a la Presidencia de la Rep\u00fablica en 2024.<\/p>\n\n\n\n<p>Ebrard, en teor\u00eda, no la tiene f\u00e1cil, pues es visible una corriente dentro de Morena (muchos gobernadores; algo as\u00ed como nivel &#8220;cardenales del Vaticano&#8221;) que ha alentado la candidatura de la jefa de Gobierno de la Ciudad de M\u00e9xico, Claudia Sheinbaum.<\/p>\n\n\n\n<p>Al menos en Veracruz, desde hace meses hay bardas pintadas a favor de Sheinbaum y es palpable la simpat\u00eda del grupo en el poder hacia ella.<\/p>\n\n\n\n<p>En este sentido, Ebrard se parece mucho a Calder\u00f3n. La diferencia es que el presidente L\u00f3pez Obrador no se ha decantado por un candidato o candidata (lo de que la favorita es Claudia o Ad\u00e1n, suenan m\u00e1s a meras chaquetas period\u00edsticas para conveniencia de algunos grupos).<\/p>\n\n\n\n<p>Ebrard tampoco ha mostrado una rebeli\u00f3n contra AMLO ni se ha enfrentado con \u00e9l, c\u00f3mo s\u00ed lo hizo Calder\u00f3n con Fox en su momento. Ha sido visiblemente el escudero y operador m\u00e1s cercano al Presidente en temas muy importantes a nivel nacional e internacional: la relaci\u00f3n con dos presidentes de Estados Unidos, la pandemia, el rescate de Evo Morales, entre otros.<\/p>\n\n\n\n<p>Hist\u00f3ricamente, L\u00f3pez Obrador tambi\u00e9n le debe un gran favor a Marcelo, cuando \u00e9ste decidi\u00f3 abrirse de la candidatura y apoyar a AMLO en la contienda del 2012 (pese a que tra\u00eda un excelente rating como jefe de Gobierno del entonces Distrito Federal), elecciones que finalmente gan\u00f3 el priista Enrique Pe\u00f1a Nieto.<\/p>\n\n\n\n<p>Se puede decir que Ebrard es el m\u00e1s experimentado de las &#8220;corcholatas&#8221; y con mayor carrera pol\u00edtica a diferencia de sus compa\u00f1eros, pero esto no ha bastado para que en las encuestas sea el puntero. Ha pesado m\u00e1s la parte medi\u00e1tica y reflectores que diariamente tiene la gobernante capitalina, aunado al matraqueo que sus pares le dan en las entidades que gobiernan. Los conciertos gratuitos en el Z\u00f3calo tambi\u00e9n han sido una estrategia muy buena para Sheinbaum.<\/p>\n\n\n\n<p>Por lo anterior, el carnal Marcelo ha pedido piso parejo y que todos los aspirantes de Morena a la Presidencia renuncien a sus cargos, a lo que el propio presidente L\u00f3pez Obrador ya tambi\u00e9n se sum\u00f3 en su conferencia &#8220;ma\u00f1anera&#8221; de este mi\u00e9rcoles al adelantar que en los pr\u00f3ximos d\u00edas habr\u00edan m\u00e1s renuncias.<\/p>\n\n\n\n<p>Si las cosas salen como las pide Marcelo y adelanta el Presidente, no tardar\u00eda Ad\u00e1n Augusto en renunciar a la Secretar\u00eda de Gobernaci\u00f3n.<\/p>\n\n\n\n<p>Por lo pronto, ya tambi\u00e9n el higadito de Ricardo Monreal anunci\u00f3 que har\u00e1 lo propio en el Senado, al igual que el senador Manuel Velasco, del PVEM (uno de los aliados de Morena). Uno al que no lo invitaron a la fiesta, pero a la de a fuerzas se quiere colar, es el diputado federal del PT, Gerardo Fern\u00e1ndez Noro\u00f1a; ya tambi\u00e9n dijo que pedir\u00e1 licencia.<\/p>\n\n\n\n<p>Pero el dardo de la renuncia lanzado por Ebrard y sus simpatizantes lleva un claro objetivo: la jefa de Gobierno, Claudia Sheinbaum, quien ya dijo que despu\u00e9s del Consejo Nacional de Morena decidir\u00e1 si pide licencia o no.<\/p>\n\n\n\n<p>Sobre Ebrard en Veracruz, la verdad es que se ve muy dif\u00edcil el panorama para Marcelo. En la entidad no se ven operadores, representantes de peso o liderazgos locales que se est\u00e1n volcando a favor del todav\u00eda canciller. Es quiz\u00e1s el \u00fanico estado donde tendr\u00eda muy poco apoyo en la contienda interna de Morena, si tenemos tambi\u00e9n en cuenta lo que significa Veracruz en el contexto nacional de votaci\u00f3n (una de las cuatro entidades con mayor padr\u00f3n electoral; las otras son el Estado de M\u00e9xico, la CDMX y Jalisco).<\/p>\n\n\n\n<p>Lo m\u00e1s interesante de todo es que la atenci\u00f3n nacional est\u00e1 puesta en Morena, porque del lado del bloque PRIANRD (como ocurre tambi\u00e9n en Veracruz) no se ve nadie que pueda hacer un contrapeso, sino puro payaso como Brozo y payasitas legisladoras que insisten en una estrategia de ataques que no les ha funcionado para nada.<\/p>\n\n\n\n<p>La verdad es que s\u00f3lo hay dos sopas en la cocina lopezobradorista: Marcelo o Claudia, y mucho tendr\u00e1 que ver el presidente como chef para mantener la unidad.<\/p>\n\n\n\n<p>\u00bfSer\u00e1 que los \u201cmorenos\u201d aprendieron la lecci\u00f3n de las tribus del PRD y ya no se despedazan entre ellos? Ya se ver\u00e1.<\/p>\n\n\n\n<p><strong>NOTA PARA EL REFRI: <\/strong>La Asociaci\u00f3n de Periodistas de Veracruz otorg\u00f3 un muy merecido reconocimiento a Ra\u00fal Olivares P\u00e9rez por su destacada trayectoria de 50 a\u00f1os en el periodismo, de los cuales 42 han sido en Notiver como comandante de la informaci\u00f3n y brazo derecho de Don Alfonso Salces. Desde este espacio, un fuerte abrazo y muchas felicidades para uno de los veracruzanos m\u00e1s informados en el estado.<\/p>\n\n\n\n<p><strong>OTRA NOTA: <\/strong>Quien dicen que ya se encuentra en el bullpen calentando brazo, es el secretario de Comunicaci\u00f3n del PRI, Ram\u00f3n Reyes Viveros, un joven pol\u00edtico que desde muy morro ha andado en los caminos de la grilla jarocha y tambi\u00e9n forma parte de la cultura del esfuerzo; la de levantarse todos los d\u00edas temprano para chambear desde chamaco y pedalearle\u2026 A Ram\u00f3n lo conocemos ya desde hace unos a\u00f1os y podemos decir que es un vato l\u00edder de la nuevas generaciones de pol\u00edticos que vienen rompiendo los antiguos esquemas de hacer pol\u00edtica\u2026 Se le conoce como alguien institucional, formado en la vieja escuela de la pol\u00edtica, pero con una visi\u00f3n m\u00e1s fresca, m\u00e1s renovada, algo que, sin duda, en el PRI les urge tener para renovar sus cuadros (hasta los de la sala Presidentes).<\/p>\n\n\n\n<p><strong>LA \u00daLTIMA PORQUE YA SON &#8220;LA-JONCE&#8221;: <\/strong>Nuevamente sali\u00f3 una encuesta de Massive Caller (que lleva puntual medici\u00f3n como con las recientes elecciones de Edomex y Coahuila) donde Morena arrasar\u00eda en Veracruz para la gubernatura en 2024 teniendo como puntera a la secretar\u00eda de Energ\u00eda y senadora con licencia, Roc\u00edo Nahle\u2026 Le saca por lo menos 20 puntos de diferencia al bloque PRIANRD (yo creo que ya le quitamos lo de &#8220;RD&#8221;, porque ese partido ya no trae ni migajas) donde s\u00f3lo abundan cartuchos quemados que dan penita ajena\u2026 \u00bfNeta van a reciclar otra vez a los mismos de siempre?\u2026 Quiz\u00e1s hay mejores propuestas: no todos en la oposici\u00f3n son malos, hay gente muy chida, talentosa y valiosa; pero se ve dif\u00edcil que consoliden, en el tiempo que falta, a un candidato o candidata a la gubernatura que le haga frente a Morena\u2026 Pero, bueno, les doy el beneficio de la duda: todo puede pasar, porque dicen que en pol\u00edtica nada est\u00e1 escrito.<\/p>\n","protected":false},"excerpt":{"rendered":"<p>ColumnaSinNombre@pablojair Felicidades al jefe Ra\u00fal Olivares. Ram\u00f3n Reyes Viveros, calentando brazo. Los cartuchos quemados del PRIAN. Esperemos que a T\u00e9llez Mari\u00e9 no le d\u00e9 otro infarto&#8211;Chopenjawer En 2004, el entonces secretario de Energ\u00eda, Felipe Calder\u00f3n, se rebel\u00f3 ante el presidente Vicente Fox Quesada contra los deseos de \u00e9ste de colocar como candidato del PAN a [&hellip;]<\/p>\n","protected":false},"author":2476,"featured_media":488,"comment_status":"open","ping_status":"open","sticky":false,"template":"","format":"standard","meta":{"_jetpack_memberships_contains_paid_content":false,"footnotes":""},"categories":[11],"tags":[],"class_list":["post-41664","post","type-post","status-publish","format-standard","has-post-thumbnail","hentry","category-opinion"],"jetpack_featured_media_url":"https:\/\/encuentroinformativo.com.mx\/wp-content\/uploads\/2020\/03\/F471F608-BA1A-416B-BA7B-BCFB24F4E6D0.jpeg","jetpack_sharing_enabled":true,"jetpack_likes_enabled":true,"amp_enabled":true,"_links":{"self":[{"href":"https:\/\/encuentroinformativo.com.mx\/index.php?rest_route=\/wp\/v2\/posts\/41664","targetHints":{"allow":["GET"]}}],"collection":[{"href":"https:\/\/encuentroinformativo.com.mx\/index.php?rest_route=\/wp\/v2\/posts"}],"about":[{"href":"https:\/\/encuentroinformativo.com.mx\/index.php?rest_route=\/wp\/v2\/types\/post"}],"author":[{"embeddable":true,"href":"https:\/\/encuentroinformativo.com.mx\/index.php?rest_route=\/wp\/v2\/users\/2476"}],"replies":[{"embeddable":true,"href":"https:\/\/encuentroinformativo.com.mx\/index.php?rest_route=%2Fwp%2Fv2%2Fcomments&post=41664"}],"version-history":[{"count":1,"href":"https:\/\/encuentroinformativo.com.mx\/index.php?rest_route=\/wp\/v2\/posts\/41664\/revisions"}],"predecessor-version":[{"id":41665,"href":"https:\/\/encuentroinformativo.com.mx\/index.php?rest_route=\/wp\/v2\/posts\/41664\/revisions\/41665"}],"wp:featuredmedia":[{"embeddable":true,"href":"https:\/\/encuentroinformativo.com.mx\/index.php?rest_route=\/wp\/v2\/media\/488"}],"wp:attachment":[{"href":"https:\/\/encuentroinformativo.com.mx\/index.php?rest_route=%2Fwp%2Fv2%2Fmedia&parent=41664"}],"wp:term":[{"taxonomy":"category","embeddable":true,"href":"https:\/\/encuentroinformativo.com.mx\/index.php?rest_route=%2Fwp%2Fv2%2Fcategories&post=41664"},{"taxonomy":"post_tag","embeddable":true,"href":"https:\/\/encuentroinformativo.com.mx\/index.php?rest_route=%2Fwp%2Fv2%2Ftags&post=41664"}],"curies":[{"name":"wp","href":"https:\/\/api.w.org\/{rel}","templated":true}]}}