{"id":41666,"date":"2023-06-08T10:11:35","date_gmt":"2023-06-08T16:11:35","guid":{"rendered":"https:\/\/encuentroinformativo.com.mx\/?p=41666"},"modified":"2023-06-08T10:11:39","modified_gmt":"2023-06-08T16:11:39","slug":"ejecutan-7-personas-en-sierra-de-agua-en-perote","status":"publish","type":"post","link":"https:\/\/encuentroinformativo.com.mx\/?p=41666","title":{"rendered":"Ejecutan 7 personas en Sierra de Agua en Perote"},"content":{"rendered":"\n<p><strong>Juan Arcos <\/strong><\/p>\n\n\n\n<p>Xalapa, Ver.- Siete personas fueron ejecutadas en la localidad de Sierra de Agua, municipio de Perote, a un costado de la carretera federal Xalapa-Perote, en la regi\u00f3n capital del estado de Veracruz.<\/p>\n\n\n\n<p>Los hechos ocurrieron durante la noche de este mi\u00e9rcoles 7 de junio en esta zona cercana al municipio de Villa Aldama. Los primeros reportes indican que los cuerpos fueron encontrados en un terreno que anteriormente funcionaba como f\u00e1brica de tabiques.<\/p>\n\n\n\n<p>Los polic\u00edas arribaron al sitio despu\u00e9s de las diez de la noche para desplegar un fuerte operativo en la zona, con el objetivo de la b\u00fasqueda y localizaci\u00f3n de los agresores.<\/p>\n\n\n\n<p>El personal de la Fiscal\u00eda General del Estado (FGE), a cargo de Ver\u00f3nica Hern\u00e1ndez Giad\u00e1ns, realiz\u00f3 la maniobras para el levantamiento de los restos humanos y su traslado al Servicio M\u00e9dico Forense (Semefo).<\/p>\n\n\n\n<p>Las autoridades estatales no se han pronunciado sobre estos hechos que alarmaron a la poblaci\u00f3n veracruzana.<\/p>\n\n\n\n<p>Se habla de que entre las v\u00edctimas se encuentra una mujer de la tercera edad y presuntamente una l\u00ednea de investigaci\u00f3n apunta al ajuste de cuentas entre bandas delictivas.<\/p>\n","protected":false},"excerpt":{"rendered":"<p>Juan Arcos Xalapa, Ver.- Siete personas fueron ejecutadas en la localidad de Sierra de Agua, municipio de Perote, a un costado de la carretera federal Xalapa-Perote, en la regi\u00f3n capital del estado de Veracruz. Los hechos ocurrieron durante la noche de este mi\u00e9rcoles 7 de junio en esta zona cercana al municipio de Villa Aldama. [&hellip;]<\/p>\n","protected":false},"author":2476,"featured_media":41667,"comment_status":"open","ping_status":"open","sticky":false,"template":"","format":"standard","meta":{"_jetpack_memberships_contains_paid_content":false,"footnotes":""},"categories":[14],"tags":[],"class_list":["post-41666","post","type-post","status-publish","format-standard","has-post-thumbnail","hentry","category-policiaca"],"jetpack_featured_media_url":"https:\/\/encuentroinformativo.com.mx\/wp-content\/uploads\/2023\/06\/28e01213-8b62-4318-9266-6ea0b3bf16032.jpg","jetpack_sharing_enabled":true,"jetpack_likes_enabled":true,"amp_enabled":true,"_links":{"self":[{"href":"https:\/\/encuentroinformativo.com.mx\/index.php?rest_route=\/wp\/v2\/posts\/41666","targetHints":{"allow":["GET"]}}],"collection":[{"href":"https:\/\/encuentroinformativo.com.mx\/index.php?rest_route=\/wp\/v2\/posts"}],"about":[{"href":"https:\/\/encuentroinformativo.com.mx\/index.php?rest_route=\/wp\/v2\/types\/post"}],"author":[{"embeddable":true,"href":"https:\/\/encuentroinformativo.com.mx\/index.php?rest_route=\/wp\/v2\/users\/2476"}],"replies":[{"embeddable":true,"href":"https:\/\/encuentroinformativo.com.mx\/index.php?rest_route=%2Fwp%2Fv2%2Fcomments&post=41666"}],"version-history":[{"count":1,"href":"https:\/\/encuentroinformativo.com.mx\/index.php?rest_route=\/wp\/v2\/posts\/41666\/revisions"}],"predecessor-version":[{"id":41668,"href":"https:\/\/encuentroinformativo.com.mx\/index.php?rest_route=\/wp\/v2\/posts\/41666\/revisions\/41668"}],"wp:featuredmedia":[{"embeddable":true,"href":"https:\/\/encuentroinformativo.com.mx\/index.php?rest_route=\/wp\/v2\/media\/41667"}],"wp:attachment":[{"href":"https:\/\/encuentroinformativo.com.mx\/index.php?rest_route=%2Fwp%2Fv2%2Fmedia&parent=41666"}],"wp:term":[{"taxonomy":"category","embeddable":true,"href":"https:\/\/encuentroinformativo.com.mx\/index.php?rest_route=%2Fwp%2Fv2%2Fcategories&post=41666"},{"taxonomy":"post_tag","embeddable":true,"href":"https:\/\/encuentroinformativo.com.mx\/index.php?rest_route=%2Fwp%2Fv2%2Ftags&post=41666"}],"curies":[{"name":"wp","href":"https:\/\/api.w.org\/{rel}","templated":true}]}}