{"id":41669,"date":"2023-06-08T10:47:57","date_gmt":"2023-06-08T16:47:57","guid":{"rendered":"https:\/\/encuentroinformativo.com.mx\/?p=41669"},"modified":"2023-06-08T10:48:01","modified_gmt":"2023-06-08T16:48:01","slug":"tras-homicidios-en-perote-pide-gobernador-esperar-investigaciones","status":"publish","type":"post","link":"https:\/\/encuentroinformativo.com.mx\/?p=41669","title":{"rendered":"Tras homicidios en Perote, pide Gobernador esperar investigaciones"},"content":{"rendered":"\n<p>Xalapa, Ver.- Cuestionado sobre la ejecuci\u00f3n de al menos siete personas este mi\u00e9rcoles en Sierra de Agua, municipio de Perote, el gobernador Cuitl\u00e1huac Garc\u00eda Jim\u00e9nez confi\u00f3 en encontrar a los autores materiales, como ha sucedido en casos recientes que registr\u00f3 la ciudad de Poza Rica, donde hay m\u00e1s de 80 procesos penales abiertos.<\/p>\n\n\n\n<p>\u201cEstamos investigando, vamos a dar con los responsables; el amarillismo siempre prevalece en estos casos y cuando resolvemos el asunto ya no dicen nada\u201d, afirm\u00f3 al inicio de una feria agr\u00edcola y artesanal en las instalaciones del Instituto de Ecolog\u00eda de la capital.<\/p>\n\n\n\n<p>Manifest\u00f3 que desde anoche, en el operativo de Seguridad P\u00fablica, coordinado con la Fiscal\u00eda General del Estado, ya se ten\u00edan algunos indicios, por lo que pidi\u00f3 a la prensa dejar que avancen las indagatorias y no adelantarse, pues en este Gobierno las acciones son eficaces.<\/p>\n\n\n\n<p>En torno al asesinato de una mujer en Jilotepec, apunt\u00f3 que existe una l\u00ednea de investigaci\u00f3n s\u00f3lida y que igualmente caer\u00e1n los culpables; enfatiz\u00f3 que los homicidios en Veracruz han disminuido un 34 por ciento y que el evento de ayer no los dispara.<\/p>\n","protected":false},"excerpt":{"rendered":"<p>Xalapa, Ver.- Cuestionado sobre la ejecuci\u00f3n de al menos siete personas este mi\u00e9rcoles en Sierra de Agua, municipio de Perote, el gobernador Cuitl\u00e1huac Garc\u00eda Jim\u00e9nez confi\u00f3 en encontrar a los autores materiales, como ha sucedido en casos recientes que registr\u00f3 la ciudad de Poza Rica, donde hay m\u00e1s de 80 procesos penales abiertos. \u201cEstamos investigando, [&hellip;]<\/p>\n","protected":false},"author":2476,"featured_media":41670,"comment_status":"open","ping_status":"open","sticky":false,"template":"","format":"standard","meta":{"_jetpack_memberships_contains_paid_content":false,"footnotes":""},"categories":[8],"tags":[],"class_list":["post-41669","post","type-post","status-publish","format-standard","has-post-thumbnail","hentry","category-region"],"jetpack_featured_media_url":"https:\/\/encuentroinformativo.com.mx\/wp-content\/uploads\/2023\/06\/b99278fc-ba35-4811-ac91-78521015139c2.jpg","jetpack_sharing_enabled":true,"jetpack_likes_enabled":true,"amp_enabled":true,"_links":{"self":[{"href":"https:\/\/encuentroinformativo.com.mx\/index.php?rest_route=\/wp\/v2\/posts\/41669","targetHints":{"allow":["GET"]}}],"collection":[{"href":"https:\/\/encuentroinformativo.com.mx\/index.php?rest_route=\/wp\/v2\/posts"}],"about":[{"href":"https:\/\/encuentroinformativo.com.mx\/index.php?rest_route=\/wp\/v2\/types\/post"}],"author":[{"embeddable":true,"href":"https:\/\/encuentroinformativo.com.mx\/index.php?rest_route=\/wp\/v2\/users\/2476"}],"replies":[{"embeddable":true,"href":"https:\/\/encuentroinformativo.com.mx\/index.php?rest_route=%2Fwp%2Fv2%2Fcomments&post=41669"}],"version-history":[{"count":1,"href":"https:\/\/encuentroinformativo.com.mx\/index.php?rest_route=\/wp\/v2\/posts\/41669\/revisions"}],"predecessor-version":[{"id":41671,"href":"https:\/\/encuentroinformativo.com.mx\/index.php?rest_route=\/wp\/v2\/posts\/41669\/revisions\/41671"}],"wp:featuredmedia":[{"embeddable":true,"href":"https:\/\/encuentroinformativo.com.mx\/index.php?rest_route=\/wp\/v2\/media\/41670"}],"wp:attachment":[{"href":"https:\/\/encuentroinformativo.com.mx\/index.php?rest_route=%2Fwp%2Fv2%2Fmedia&parent=41669"}],"wp:term":[{"taxonomy":"category","embeddable":true,"href":"https:\/\/encuentroinformativo.com.mx\/index.php?rest_route=%2Fwp%2Fv2%2Fcategories&post=41669"},{"taxonomy":"post_tag","embeddable":true,"href":"https:\/\/encuentroinformativo.com.mx\/index.php?rest_route=%2Fwp%2Fv2%2Ftags&post=41669"}],"curies":[{"name":"wp","href":"https:\/\/api.w.org\/{rel}","templated":true}]}}