{"id":41672,"date":"2023-06-08T12:03:50","date_gmt":"2023-06-08T18:03:50","guid":{"rendered":"https:\/\/encuentroinformativo.com.mx\/?p=41672"},"modified":"2023-06-08T12:32:35","modified_gmt":"2023-06-08T18:32:35","slug":"medios-optan-por-amarillismo-reprocha-gobernador","status":"publish","type":"post","link":"https:\/\/encuentroinformativo.com.mx\/?p=41672","title":{"rendered":"Medios optan por amarillismo, reprocha Gobernador"},"content":{"rendered":"\n<p><strong>Dar\u00edo Pale <\/strong><\/p>\n\n\n\n<p>Xalapa, Ver.- De nueva cuenta el Gobernador del estado Cuitl\u00e1huac Garc\u00eda Jim\u00e9nez volvi\u00f3 a acusar a los medios de comunicaci\u00f3n de que les gusta &#8220;titular&#8221; con sangre las notas, les gusta el amarillismo, esto despu\u00e9s dar a conocer la ejecuci\u00f3n de siete personas integrantes de una familia en el municipio de Perote.<\/p>\n\n\n\n<p>En entrevista el Gobernador responde que a medios les gusta la sangre, reprocha que les guste el amarillismo y que no publiquen los resultados de su administraci\u00f3n, &#8220;algunos quieren ver sangre. Estamos investigando sobre este hecho, vamos a dar con los responsables, yo s\u00e9 que algunos quieren titular con sangre cuando hay muertos&#8221;.<\/p>\n\n\n\n<p>&#8220;El amarillismo siempre prevalece en estos casos, pero cuando resolvemos el asunto y damos con los responsables, ya no dicen nada. Est\u00e1 el caso de Poza Rica&#8221;, se\u00f1al\u00f3.<\/p>\n\n\n\n<p>El Ejecutivo refiri\u00f3 que cuando se registraron los hechos de violencia en el municipio de Poza Rica, a principios de este a\u00f1o, los medios de comunicaci\u00f3n titulaban sobre los muertos, pero no fue la misma difusi\u00f3n sobre los 27 vinculados a proceso, as\u00ed como otros 84 que est\u00e1n en su proceso penal, &#8220;ya no dicen nada&#8221;.<\/p>\n\n\n\n<p>Respecto de los hechos ocurridos en donde al menos siete personas fueron acribilladas la noche de ayer mi\u00e9rcoles, en el interior de una f\u00e1brica de bloks, ubicada en la carretera federal Perote &#8211; Xalapa, a la altura de la localidad conocida como Sierra de Agua; afirm\u00f3 que est\u00e1n investigando, pero asegur\u00f3 que es un hecho aislado.<\/p>\n\n\n\n<p>Se inform\u00f3 que las personas asesinadas son conocidas en dicha localidad del municipio de Perote.<\/p>\n\n\n\n<p>Garc\u00eda Jim\u00e9nez indic\u00f3 que ya tienen algunos indicios desde la noche de este mi\u00e9rcoles, adem\u00e1s se implement\u00f3 un operativo.<\/p>\n\n\n\n<p>&#8220;No tengan duda, vamos a dar con los responsables. Dejen que avancen las investigaciones, la Fiscal va a estar en esto y vamos a dar con los responsables&#8221;, recalc\u00f3.<\/p>\n\n\n\n<p>Cuestionado en relaci\u00f3n a la venta de drogas, de delitos como la trata de personas, entre otros, pidi\u00f3 no adelantarse y en ese sentido, presumi\u00f3 que ha habido detenidos en aquella zona por la comisi\u00f3n de diversos delitos.<\/p>\n\n\n\n<p>El Mandatario coment\u00f3 que este hecho no dispara las estad\u00edsticas de homicidios dolosos porque la comisi\u00f3n de ese tipo de delito se ha disminuido en m\u00e1s de un 34 por ciento.<\/p>\n\n\n\n<p>Por \u00faltimo se\u00f1al\u00f3 que, &#8220;lamentable, siempre vamos a lamentar estos sucesos y como les digo, hay suficientes indicios para dar con los responsables&#8221;.<\/p>\n\n\n\n<p><strong>Caso Jueza <\/strong><\/p>\n\n\n\n<p>En otro tema, el gobernador Cuitl\u00e1huac Garc\u00eda, insisti\u00f3 en que la jueza se coordin\u00f3 con abogado de Itiel Palacios para liberarlo, reprocha que s\u00f3lo se diga en medios que fue torturada y no se plasme en una denuncia.<\/p>\n\n\n\n<p>En entrevista se\u00f1al\u00f3 que, tras la liberaci\u00f3n de la jueza Ang\u00e9lica S\u00e1nchez Hern\u00e1ndez, el gobernador, recalc\u00f3 que hay indicios de que actu\u00f3 &#8220;coordinadamente&#8221; \u00a0con el abogado de Itiel Palacios, alias El Compa Playa para liberarlo.<\/p>\n\n\n\n<p>Critic\u00f3 que ante los medios de comunicaci\u00f3n los abogados de la jueza y la misma togada aseguren que fue torturada y no lo hayan plasmado legalmente.<\/p>\n\n\n\n<p>Aplaudi\u00f3 la decisi\u00f3n de los integrantes del Consejo de la Judicatura del Estado, as\u00ed como de la magistrada presidenta Lisbeth Aurelia Jim\u00e9nez Aguirre de no permitir que esto no se repita actuando de manera decidida.<\/p>\n\n\n\n<p>&#8220;El hecho es de que cuando llegue a surgir esto no se deje pasar, eso demuestra que hay un cambio en el Poder Judicial del Estado&#8221;, se\u00f1al\u00f3.<\/p>\n\n\n\n<p>Pidi\u00f3 que no se deje pasar por alto un hecho como este de presuntos actos de corrupci\u00f3n.<\/p>\n\n\n\n<p>Esquiv\u00f3 responder sobre los se\u00f1alamientos de tortura en contra de la Jueza, de que la obligaron a disparar un arma de fuego, s\u00f3lo dijo que la Fiscal\u00eda ya hab\u00eda informado al respecto.<\/p>\n\n\n\n<p>Refiri\u00f3 que el bolet\u00edn de la Fiscal\u00eda defini\u00f3 que no hab\u00eda elementos para mantenerla en prisi\u00f3n preventiva oficiosa, pero qued\u00f3 a sujeta a investigaci\u00f3n.<\/p>\n\n\n\n<p>Cuestionado sobre los presuntos actos de tortura cometidos por los elementos de la Polic\u00eda Estatal, dijo que eso era falso.<\/p>\n\n\n\n<p>&#8220;Que lo demuestren en los juicios, es que ustedes dicen una cosa y en los juicios se dice otra. A ver, si un abogado va a litigar y argumenta algo en medios, pues que lo haga en el juicio, me extra\u00f1a, es rar\u00edsimo&#8221;, se\u00f1al\u00f3.<\/p>\n\n\n\n<p>&#8220;O sea estamos hablando de un supuesto que se dijo en medios, pero en el alegato legal se quedan callados&#8221;, agreg\u00f3.<\/p>\n\n\n\n<p>Respecto de lo que revel\u00f3 la jueza en el sentido de que la torturaron en los separos de San \u00a0Jos\u00e9 respondi\u00f3: &#8220;s\u00ed, s\u00ed, s\u00ed, pero en el juicio por qu\u00e9 no se dice&#8221;.<\/p>\n\n\n\n<p>Garc\u00eda Jim\u00e9nez no aclar\u00f3 si se har\u00e1 una investigaci\u00f3n en contra de los elementos de la SSP que detuvieron a la Juez, pero s\u00ed pregunt\u00f3 por qu\u00e9 deben actuar con base en lo que se dice en un medio de comunicaci\u00f3n y no en los hechos reales.<\/p>\n\n\n\n<p>&#8220;Yo s\u00e9 que a ustedes les gustan esos temas medi\u00e1ticos porque son medios ustedes, pero nosotros tenemos que atenernos a lo legal. No puedo litigar en los medios yo. \u00bfTengo que actuar con base en una mentira?, \u00bftengo que actuar con base en una mentira?&#8221;, pregunt\u00f3<\/p>\n","protected":false},"excerpt":{"rendered":"<p>Dar\u00edo Pale Xalapa, Ver.- De nueva cuenta el Gobernador del estado Cuitl\u00e1huac Garc\u00eda Jim\u00e9nez volvi\u00f3 a acusar a los medios de comunicaci\u00f3n de que les gusta &#8220;titular&#8221; con sangre las notas, les gusta el amarillismo, esto despu\u00e9s dar a conocer la ejecuci\u00f3n de siete personas integrantes de una familia en el municipio de Perote. En [&hellip;]<\/p>\n","protected":false},"author":2476,"featured_media":41673,"comment_status":"open","ping_status":"open","sticky":false,"template":"","format":"standard","meta":{"_jetpack_memberships_contains_paid_content":false,"footnotes":""},"categories":[2],"tags":[],"class_list":["post-41672","post","type-post","status-publish","format-standard","has-post-thumbnail","hentry","category-estado"],"jetpack_featured_media_url":"https:\/\/encuentroinformativo.com.mx\/wp-content\/uploads\/2023\/06\/Photo_1686247251714.jpg","jetpack_sharing_enabled":true,"jetpack_likes_enabled":true,"amp_enabled":true,"_links":{"self":[{"href":"https:\/\/encuentroinformativo.com.mx\/index.php?rest_route=\/wp\/v2\/posts\/41672","targetHints":{"allow":["GET"]}}],"collection":[{"href":"https:\/\/encuentroinformativo.com.mx\/index.php?rest_route=\/wp\/v2\/posts"}],"about":[{"href":"https:\/\/encuentroinformativo.com.mx\/index.php?rest_route=\/wp\/v2\/types\/post"}],"author":[{"embeddable":true,"href":"https:\/\/encuentroinformativo.com.mx\/index.php?rest_route=\/wp\/v2\/users\/2476"}],"replies":[{"embeddable":true,"href":"https:\/\/encuentroinformativo.com.mx\/index.php?rest_route=%2Fwp%2Fv2%2Fcomments&post=41672"}],"version-history":[{"count":2,"href":"https:\/\/encuentroinformativo.com.mx\/index.php?rest_route=\/wp\/v2\/posts\/41672\/revisions"}],"predecessor-version":[{"id":41675,"href":"https:\/\/encuentroinformativo.com.mx\/index.php?rest_route=\/wp\/v2\/posts\/41672\/revisions\/41675"}],"wp:featuredmedia":[{"embeddable":true,"href":"https:\/\/encuentroinformativo.com.mx\/index.php?rest_route=\/wp\/v2\/media\/41673"}],"wp:attachment":[{"href":"https:\/\/encuentroinformativo.com.mx\/index.php?rest_route=%2Fwp%2Fv2%2Fmedia&parent=41672"}],"wp:term":[{"taxonomy":"category","embeddable":true,"href":"https:\/\/encuentroinformativo.com.mx\/index.php?rest_route=%2Fwp%2Fv2%2Fcategories&post=41672"},{"taxonomy":"post_tag","embeddable":true,"href":"https:\/\/encuentroinformativo.com.mx\/index.php?rest_route=%2Fwp%2Fv2%2Ftags&post=41672"}],"curies":[{"name":"wp","href":"https:\/\/api.w.org\/{rel}","templated":true}]}}