{"id":41676,"date":"2023-06-08T13:05:30","date_gmt":"2023-06-08T19:05:30","guid":{"rendered":"https:\/\/encuentroinformativo.com.mx\/?p=41676"},"modified":"2023-06-08T13:05:32","modified_gmt":"2023-06-08T19:05:32","slug":"ivd-niega-apoyo-a-paratletas-para-viajar-a-juegos-nacionales","status":"publish","type":"post","link":"https:\/\/encuentroinformativo.com.mx\/?p=41676","title":{"rendered":"IVD niega apoyo a paratletas para viajar a juegos nacionales"},"content":{"rendered":"\n<p><strong>Alejandro \u00c1vila<\/strong><\/p>\n\n\n\n<p>Veracruz, Ver.- Paratletas veracruzanos se encuentran en riesgo de no acudir a los Juegos Nacionales de la especialidad que se llevar\u00e1n a cabo en Puerto Vallarta en el Estado de Jalisco, debido a la negativa del Instituto Veracruzano del Deporte para brindarles transporte.<\/p>\n\n\n\n<p>Se trata de 28 atletas con discapacidad intelectual y s\u00edndrome de down, de las disciplinas de atletismo de pista y campo, nataci\u00f3n, f\u00fatbol y b\u00e1squetbol, los que requieren cerca de 90 mil pesos para ir y regresar de la competencia nacional.<\/p>\n\n\n\n<p>Entre todos ya pagaron la inscripci\u00f3n, consiguieron uniformes y han realizado colecta, boteo y rifas para reunir mas dinero, pero ya tienen poco tiempo, ya que la competencia es del 15 al 18 de junio.&nbsp;<\/p>\n\n\n\n<p>&#8220;No hay reembolso de lo que ya pagamos, solo estamos pidiendo el transporte, se hicieron rifas, boteos, con sus sueldos, pagamos pero si no vamos seria dinero perdido, solamente recib\u00ed una llamada del director de deporte adaptado y adulto mayor y me dijo maestra lo siento,&nbsp; no hay apoyo&#8221;, dijo Leonor Prieto Cruz, presidenta de Asociaci\u00f3n de Deportistas IntelecDown Unidos por Veracruz.&nbsp;<\/p>\n\n\n\n<p>Desesperados hacen el llamado a la sociedad, empresarios y autoridades para que los apoyen y puedan asistir.&nbsp;<\/p>\n\n\n\n<p>En el caso de la delegaci\u00f3n de Acayucan&nbsp; cancelaron su participaci\u00f3n porque no pudieron reunir lo necesario.<\/p>\n","protected":false},"excerpt":{"rendered":"<p>Alejandro \u00c1vila Veracruz, Ver.- Paratletas veracruzanos se encuentran en riesgo de no acudir a los Juegos Nacionales de la especialidad que se llevar\u00e1n a cabo en Puerto Vallarta en el Estado de Jalisco, debido a la negativa del Instituto Veracruzano del Deporte para brindarles transporte. Se trata de 28 atletas con discapacidad intelectual y s\u00edndrome [&hellip;]<\/p>\n","protected":false},"author":2476,"featured_media":41677,"comment_status":"open","ping_status":"open","sticky":false,"template":"","format":"standard","meta":{"_jetpack_memberships_contains_paid_content":false,"footnotes":""},"categories":[2],"tags":[],"class_list":["post-41676","post","type-post","status-publish","format-standard","has-post-thumbnail","hentry","category-estado"],"jetpack_featured_media_url":"https:\/\/encuentroinformativo.com.mx\/wp-content\/uploads\/2023\/06\/IMG-20230608-WA0038.jpg","jetpack_sharing_enabled":true,"jetpack_likes_enabled":true,"amp_enabled":true,"_links":{"self":[{"href":"https:\/\/encuentroinformativo.com.mx\/index.php?rest_route=\/wp\/v2\/posts\/41676","targetHints":{"allow":["GET"]}}],"collection":[{"href":"https:\/\/encuentroinformativo.com.mx\/index.php?rest_route=\/wp\/v2\/posts"}],"about":[{"href":"https:\/\/encuentroinformativo.com.mx\/index.php?rest_route=\/wp\/v2\/types\/post"}],"author":[{"embeddable":true,"href":"https:\/\/encuentroinformativo.com.mx\/index.php?rest_route=\/wp\/v2\/users\/2476"}],"replies":[{"embeddable":true,"href":"https:\/\/encuentroinformativo.com.mx\/index.php?rest_route=%2Fwp%2Fv2%2Fcomments&post=41676"}],"version-history":[{"count":1,"href":"https:\/\/encuentroinformativo.com.mx\/index.php?rest_route=\/wp\/v2\/posts\/41676\/revisions"}],"predecessor-version":[{"id":41678,"href":"https:\/\/encuentroinformativo.com.mx\/index.php?rest_route=\/wp\/v2\/posts\/41676\/revisions\/41678"}],"wp:featuredmedia":[{"embeddable":true,"href":"https:\/\/encuentroinformativo.com.mx\/index.php?rest_route=\/wp\/v2\/media\/41677"}],"wp:attachment":[{"href":"https:\/\/encuentroinformativo.com.mx\/index.php?rest_route=%2Fwp%2Fv2%2Fmedia&parent=41676"}],"wp:term":[{"taxonomy":"category","embeddable":true,"href":"https:\/\/encuentroinformativo.com.mx\/index.php?rest_route=%2Fwp%2Fv2%2Fcategories&post=41676"},{"taxonomy":"post_tag","embeddable":true,"href":"https:\/\/encuentroinformativo.com.mx\/index.php?rest_route=%2Fwp%2Fv2%2Ftags&post=41676"}],"curies":[{"name":"wp","href":"https:\/\/api.w.org\/{rel}","templated":true}]}}