{"id":41686,"date":"2023-06-08T11:01:03","date_gmt":"2023-06-08T17:01:03","guid":{"rendered":"https:\/\/encuentroinformativo.com.mx\/?p=41686"},"modified":"2023-06-08T14:03:00","modified_gmt":"2023-06-08T20:03:00","slug":"el-aguila-aportara-2-beisbolistas-para-mexico-en-juegos-centroamericanos","status":"publish","type":"post","link":"https:\/\/encuentroinformativo.com.mx\/?p=41686","title":{"rendered":"El \u00c1guila aportar\u00e1 2 beisbolistas para M\u00e9xico en Juegos Centroamericanos"},"content":{"rendered":"\n<p><strong>Alejandro \u00c1vila<\/strong><\/p>\n\n\n\n<p>Veracruz, Ver.- Tuvieron que pasar 9 a\u00f1os para que el equipo de b\u00e9isbol profesional \u00c1guila de Veracruz aportara elementos a la Selecci\u00f3n Mexicana de B\u00e9isbol que participar\u00e1 en los Juegos Centroamericanos y del Caribe 2023.<\/p>\n\n\n\n<p>H\u00e9ctor Mora y Samuel Zazueta, se unir\u00e1n a la novena mexicana que participar\u00e1 del 23 de junio al 8 de julio en El Salvador.<\/p>\n\n\n\n<p>Para esta justa deportiva, la escuadra mexicana se encuentra rankeada en el tercer lugar, de acuerdo al listado que hace la WBSC (Confederaci\u00f3n Mundial de Beisbol y Softbal), por lo que tiene grandes posibilidades de regresar con medalla.<\/p>\n\n\n\n<p>Durante este evento tambi\u00e9n se podr\u00e1 calificar para los Juegos Panamericanos de Santiago de Chile en octubre de este a\u00f1o.<\/p>\n\n\n\n<p>H\u00e9ctor Mora se unir\u00e1 a lista de veracruzanos y jugadores de El \u00c1guila que ha representado al equipo en unos Juegos Centroamericanos: Jos\u00e9 Cort\u00e9s en M\u00e9xico 1954 y Humberto Sosa en Veracruz 2014.<\/p>\n\n\n\n<p>En cuanto a Samuel Zazueta, ser\u00e1 la segunda vez en el a\u00f1o que vista los colores de la Selecci\u00f3n Mexicana, primero lo hizo en la pasada edici\u00f3n del Cl\u00e1sico Mundial de Beisbol.<\/p>\n","protected":false},"excerpt":{"rendered":"<p>Alejandro \u00c1vila Veracruz, Ver.- Tuvieron que pasar 9 a\u00f1os para que el equipo de b\u00e9isbol profesional \u00c1guila de Veracruz aportara elementos a la Selecci\u00f3n Mexicana de B\u00e9isbol que participar\u00e1 en los Juegos Centroamericanos y del Caribe 2023. H\u00e9ctor Mora y Samuel Zazueta, se unir\u00e1n a la novena mexicana que participar\u00e1 del 23 de junio al [&hellip;]<\/p>\n","protected":false},"author":2476,"featured_media":41687,"comment_status":"open","ping_status":"open","sticky":false,"template":"","format":"standard","meta":{"_jetpack_memberships_contains_paid_content":false,"footnotes":""},"categories":[2],"tags":[],"class_list":["post-41686","post","type-post","status-publish","format-standard","has-post-thumbnail","hentry","category-estado"],"jetpack_featured_media_url":"https:\/\/encuentroinformativo.com.mx\/wp-content\/uploads\/2023\/06\/IMG-20230608-WA0043.jpg","jetpack_sharing_enabled":true,"jetpack_likes_enabled":true,"amp_enabled":true,"_links":{"self":[{"href":"https:\/\/encuentroinformativo.com.mx\/index.php?rest_route=\/wp\/v2\/posts\/41686","targetHints":{"allow":["GET"]}}],"collection":[{"href":"https:\/\/encuentroinformativo.com.mx\/index.php?rest_route=\/wp\/v2\/posts"}],"about":[{"href":"https:\/\/encuentroinformativo.com.mx\/index.php?rest_route=\/wp\/v2\/types\/post"}],"author":[{"embeddable":true,"href":"https:\/\/encuentroinformativo.com.mx\/index.php?rest_route=\/wp\/v2\/users\/2476"}],"replies":[{"embeddable":true,"href":"https:\/\/encuentroinformativo.com.mx\/index.php?rest_route=%2Fwp%2Fv2%2Fcomments&post=41686"}],"version-history":[{"count":1,"href":"https:\/\/encuentroinformativo.com.mx\/index.php?rest_route=\/wp\/v2\/posts\/41686\/revisions"}],"predecessor-version":[{"id":41688,"href":"https:\/\/encuentroinformativo.com.mx\/index.php?rest_route=\/wp\/v2\/posts\/41686\/revisions\/41688"}],"wp:featuredmedia":[{"embeddable":true,"href":"https:\/\/encuentroinformativo.com.mx\/index.php?rest_route=\/wp\/v2\/media\/41687"}],"wp:attachment":[{"href":"https:\/\/encuentroinformativo.com.mx\/index.php?rest_route=%2Fwp%2Fv2%2Fmedia&parent=41686"}],"wp:term":[{"taxonomy":"category","embeddable":true,"href":"https:\/\/encuentroinformativo.com.mx\/index.php?rest_route=%2Fwp%2Fv2%2Fcategories&post=41686"},{"taxonomy":"post_tag","embeddable":true,"href":"https:\/\/encuentroinformativo.com.mx\/index.php?rest_route=%2Fwp%2Fv2%2Ftags&post=41686"}],"curies":[{"name":"wp","href":"https:\/\/api.w.org\/{rel}","templated":true}]}}