{"id":41693,"date":"2023-06-08T17:37:46","date_gmt":"2023-06-08T23:37:46","guid":{"rendered":"https:\/\/encuentroinformativo.com.mx\/?p=41693"},"modified":"2023-06-08T17:37:51","modified_gmt":"2023-06-08T23:37:51","slug":"demandan-cese-de-violencia-en-comunidades-indigenas","status":"publish","type":"post","link":"https:\/\/encuentroinformativo.com.mx\/?p=41693","title":{"rendered":"Demandan cese de violencia en comunidades ind\u00edgenas"},"content":{"rendered":"\n<p><strong>Juan Arcos <\/strong><\/p>\n\n\n\n<p>Xalapa, Ver.- Integrantes de distintos colectivos y organizaciones civiles protestaron frente a Palacio de Gobierno como parte de una acci\u00f3n global para exigir que cese la violencia contra comunidades ind\u00edgenas y zapatistas en el estado de Chiapas.<\/p>\n\n\n\n<p>A partir de las 12:00 horas de este jueves 8 de junio y hasta las tres de la tarde, realizar\u00edan pintas sobre Plaza Sebasti\u00e1n Lerdo de Tejada y acciones de perifoneo en la zona centro de la capital del estado.<\/p>\n\n\n\n<p>De acuerdo con Alberto Col\u00edn, uno de los manifestantes, en el estado de Veracruz tambi\u00e9n persisten los ataques contra defensores de la tierra, cafeticultores y activistas.<\/p>\n\n\n\n<p>Mencion\u00f3 que esta situaci\u00f3n se deriva de los megaproyectos en el territorio estatal, as\u00ed como tambi\u00e9n, a la aparici\u00f3n de grupos armados que atentan contra los ambientalistas.<\/p>\n\n\n\n<p>\u201cGrupos armados supuestamente delincuenciales que vienen haciendo estas acciones de violencia contra militantes, defensores de la tierra y el agua, cafeticultores\u201d, expres\u00f3.<\/p>\n\n\n\n<p>El entrevistado indic\u00f3 que la situaci\u00f3n de Chiapas, donde recientemente ha habido ataques contra las comunidades ind\u00edgenas y zapatistas, se ha replicado en toda la Rep\u00fablica Mexicana.<\/p>\n\n\n\n<p>\u201cLa situaci\u00f3n de Chiapas es como un espejo para ver que a lo largo de todo el pa\u00eds esta guerra, a trav\u00e9s de grupos armados de muy dudosa afiliaci\u00f3n, ilegales y legales, est\u00e1n cometiendo una serie de violaciones a los derechos humanos y que el Estado no ha podido hacer nada\u201d, enfatiz\u00f3.<\/p>\n\n\n\n<p>Cabe recordar que, el pasado 26 de mayo, la Fiscal\u00eda General del Estado (FGE) inform\u00f3 sobre la detenci\u00f3n de cuatro cafetaleros, entre ellos el presidente del Consejo Regional del Caf\u00e9 de Coatepec, Cirio Ruiz Gonz\u00e1lez, as\u00ed como la exalcaldesa de Ixhuatl\u00e1n del Caf\u00e9, Viridiana Bret\u00f3n Feito.<\/p>\n\n\n\n<p>Ellos son se\u00f1alados del presunto delito de estragos por su supuesta participaci\u00f3n en un incendio ocasionado en el beneficio de la empresa Agroindustrias Unidas de M\u00e9xico (AMSA), el 24 de enero de 2022, en el municipio de Ixhuatl\u00e1n del Caf\u00e9.<\/p>\n","protected":false},"excerpt":{"rendered":"<p>Juan Arcos Xalapa, Ver.- Integrantes de distintos colectivos y organizaciones civiles protestaron frente a Palacio de Gobierno como parte de una acci\u00f3n global para exigir que cese la violencia contra comunidades ind\u00edgenas y zapatistas en el estado de Chiapas. A partir de las 12:00 horas de este jueves 8 de junio y hasta las tres [&hellip;]<\/p>\n","protected":false},"author":2476,"featured_media":41694,"comment_status":"open","ping_status":"open","sticky":false,"template":"","format":"standard","meta":{"_jetpack_memberships_contains_paid_content":false,"footnotes":""},"categories":[3],"tags":[],"class_list":["post-41693","post","type-post","status-publish","format-standard","has-post-thumbnail","hentry","category-xalapa"],"jetpack_featured_media_url":"https:\/\/encuentroinformativo.com.mx\/wp-content\/uploads\/2023\/06\/a24a9597-0c23-4a50-ac99-9768bd1f4066.jpg","jetpack_sharing_enabled":true,"jetpack_likes_enabled":true,"amp_enabled":true,"_links":{"self":[{"href":"https:\/\/encuentroinformativo.com.mx\/index.php?rest_route=\/wp\/v2\/posts\/41693","targetHints":{"allow":["GET"]}}],"collection":[{"href":"https:\/\/encuentroinformativo.com.mx\/index.php?rest_route=\/wp\/v2\/posts"}],"about":[{"href":"https:\/\/encuentroinformativo.com.mx\/index.php?rest_route=\/wp\/v2\/types\/post"}],"author":[{"embeddable":true,"href":"https:\/\/encuentroinformativo.com.mx\/index.php?rest_route=\/wp\/v2\/users\/2476"}],"replies":[{"embeddable":true,"href":"https:\/\/encuentroinformativo.com.mx\/index.php?rest_route=%2Fwp%2Fv2%2Fcomments&post=41693"}],"version-history":[{"count":1,"href":"https:\/\/encuentroinformativo.com.mx\/index.php?rest_route=\/wp\/v2\/posts\/41693\/revisions"}],"predecessor-version":[{"id":41695,"href":"https:\/\/encuentroinformativo.com.mx\/index.php?rest_route=\/wp\/v2\/posts\/41693\/revisions\/41695"}],"wp:featuredmedia":[{"embeddable":true,"href":"https:\/\/encuentroinformativo.com.mx\/index.php?rest_route=\/wp\/v2\/media\/41694"}],"wp:attachment":[{"href":"https:\/\/encuentroinformativo.com.mx\/index.php?rest_route=%2Fwp%2Fv2%2Fmedia&parent=41693"}],"wp:term":[{"taxonomy":"category","embeddable":true,"href":"https:\/\/encuentroinformativo.com.mx\/index.php?rest_route=%2Fwp%2Fv2%2Fcategories&post=41693"},{"taxonomy":"post_tag","embeddable":true,"href":"https:\/\/encuentroinformativo.com.mx\/index.php?rest_route=%2Fwp%2Fv2%2Ftags&post=41693"}],"curies":[{"name":"wp","href":"https:\/\/api.w.org\/{rel}","templated":true}]}}