{"id":41699,"date":"2023-06-08T18:01:22","date_gmt":"2023-06-09T00:01:22","guid":{"rendered":"https:\/\/encuentroinformativo.com.mx\/?p=41699"},"modified":"2023-06-08T18:01:26","modified_gmt":"2023-06-09T00:01:26","slug":"mediante-equinoterapia-brindan-fuerza-civil-y-dif-tratamiento-a-veracruzanos-con-discapacidad","status":"publish","type":"post","link":"https:\/\/encuentroinformativo.com.mx\/?p=41699","title":{"rendered":"Mediante equinoterapia, brindan Fuerza Civil y DIF tratamiento a veracruzanos con discapacidad"},"content":{"rendered":"\n<p><strong>*Es un servicio gratuito dirigido a pacientes de 4 a\u00f1os en adelante.<\/strong><\/p>\n\n\n\n<p>Xalapa, Ver.- De manera altruista y gratuita, la compa\u00f1\u00eda de Caballer\u00eda de la Fuerza Civil, en coordinaci\u00f3n con el DIF Estatal, puso en marcha un programa de equinoterapia enfocado en atender las necesidades de quienes presentan alg\u00fan tipo de discapacidad o diversos padecimientos.<\/p>\n\n\n\n<p>En sesiones grupales diarias de 30 minutos (dos por semana), pacientes de cuatro a\u00f1os en adelante podr\u00e1n mejorar su calidad de vida, habilidades motrices, autoestima, seguridad, confianza y motivaci\u00f3n, manejo de emociones y adaptaci\u00f3n social.<\/p>\n\n\n\n<p>Para ello, la corporaci\u00f3n dispone de tres equinos entrenados, dos fisioterapeutas, un psic\u00f3logo, dos auxiliares y un instructor miembro de la Federaci\u00f3n Mexicana de Terapias Ecuestres capacitado en psicolog\u00eda a trav\u00e9s del caballo, integraci\u00f3n sensorial con enfoque psicopedag\u00f3gico y vinculaci\u00f3n multidisciplinaria.<\/p>\n\n\n\n<p>El plan consta de dos tipos de consultas: hipoterapia pasiva, donde el paciente monta sin albard\u00f3n para sentir el calor corporal del animal y los impulsos r\u00edtmicos; e hipoterapia activa, la cual permite estimular los m\u00fasculos, equilibrio y coordinaci\u00f3n psicomotriz mediante ejercicios neuromusculares.<\/p>\n\n\n\n<p>Los padecimientos a tratar pueden ser par\u00e1lisis cerebral, retraso psicomotor, esclerosis m\u00faltiple, tensiones musculares asim\u00e9tricas, s\u00edndrome de Down, autismo, tort\u00edcolis, cifosis, lordosis, problemas conductuales y psicopatolog\u00edas (depresi\u00f3n y neurosis).<\/p>\n\n\n\n<p>Por lo anterior, Jes\u00fas Zacar\u00edas Pl\u00e1cido, padre de un menor beneficiado, agradeci\u00f3 el apoyo del Gobierno, \u201cpues el costo de este tipo de terapias puede ser abrumador para muchas familias y ahora tenemos acceso a un programa que brinda un gran servicio a nuestra comunidad\u201d.<\/p>\n\n\n\n<p>Los interesados deber\u00e1n firmar una carta responsiva en el Centro de Rehabilitaci\u00f3n e Inclusi\u00f3n Social de Veracruz, previa valoraci\u00f3n m\u00e9dica del paciente; para mayores informes, pueden llamar a los tel\u00e9fonos (228) 819-06-65 y 819-14-05, o escribir al correo crisver.gob@gmail.com.<\/p>\n\n\n\n<figure class=\"wp-block-image size-large\"><img loading=\"lazy\" decoding=\"async\" width=\"1024\" height=\"553\" src=\"https:\/\/encuentroinformativo.com.mx\/wp-content\/uploads\/2023\/06\/IMG-20230608-WA0114-1024x553.jpg\" alt=\"\" class=\"wp-image-41701\" srcset=\"https:\/\/encuentroinformativo.com.mx\/wp-content\/uploads\/2023\/06\/IMG-20230608-WA0114-1024x553.jpg 1024w, https:\/\/encuentroinformativo.com.mx\/wp-content\/uploads\/2023\/06\/IMG-20230608-WA0114-300x162.jpg 300w, https:\/\/encuentroinformativo.com.mx\/wp-content\/uploads\/2023\/06\/IMG-20230608-WA0114-768x414.jpg 768w, https:\/\/encuentroinformativo.com.mx\/wp-content\/uploads\/2023\/06\/IMG-20230608-WA0114.jpg 1171w\" sizes=\"auto, (max-width: 1024px) 100vw, 1024px\" \/><\/figure>\n","protected":false},"excerpt":{"rendered":"<p>*Es un servicio gratuito dirigido a pacientes de 4 a\u00f1os en adelante. Xalapa, Ver.- De manera altruista y gratuita, la compa\u00f1\u00eda de Caballer\u00eda de la Fuerza Civil, en coordinaci\u00f3n con el DIF Estatal, puso en marcha un programa de equinoterapia enfocado en atender las necesidades de quienes presentan alg\u00fan tipo de discapacidad o diversos padecimientos. [&hellip;]<\/p>\n","protected":false},"author":2476,"featured_media":41700,"comment_status":"open","ping_status":"open","sticky":false,"template":"","format":"standard","meta":{"_jetpack_memberships_contains_paid_content":false,"footnotes":""},"categories":[2],"tags":[],"class_list":["post-41699","post","type-post","status-publish","format-standard","has-post-thumbnail","hentry","category-estado"],"jetpack_featured_media_url":"https:\/\/encuentroinformativo.com.mx\/wp-content\/uploads\/2023\/06\/IMG-20230608-WA01132.jpg","jetpack_sharing_enabled":true,"jetpack_likes_enabled":true,"amp_enabled":true,"_links":{"self":[{"href":"https:\/\/encuentroinformativo.com.mx\/index.php?rest_route=\/wp\/v2\/posts\/41699","targetHints":{"allow":["GET"]}}],"collection":[{"href":"https:\/\/encuentroinformativo.com.mx\/index.php?rest_route=\/wp\/v2\/posts"}],"about":[{"href":"https:\/\/encuentroinformativo.com.mx\/index.php?rest_route=\/wp\/v2\/types\/post"}],"author":[{"embeddable":true,"href":"https:\/\/encuentroinformativo.com.mx\/index.php?rest_route=\/wp\/v2\/users\/2476"}],"replies":[{"embeddable":true,"href":"https:\/\/encuentroinformativo.com.mx\/index.php?rest_route=%2Fwp%2Fv2%2Fcomments&post=41699"}],"version-history":[{"count":1,"href":"https:\/\/encuentroinformativo.com.mx\/index.php?rest_route=\/wp\/v2\/posts\/41699\/revisions"}],"predecessor-version":[{"id":41702,"href":"https:\/\/encuentroinformativo.com.mx\/index.php?rest_route=\/wp\/v2\/posts\/41699\/revisions\/41702"}],"wp:featuredmedia":[{"embeddable":true,"href":"https:\/\/encuentroinformativo.com.mx\/index.php?rest_route=\/wp\/v2\/media\/41700"}],"wp:attachment":[{"href":"https:\/\/encuentroinformativo.com.mx\/index.php?rest_route=%2Fwp%2Fv2%2Fmedia&parent=41699"}],"wp:term":[{"taxonomy":"category","embeddable":true,"href":"https:\/\/encuentroinformativo.com.mx\/index.php?rest_route=%2Fwp%2Fv2%2Fcategories&post=41699"},{"taxonomy":"post_tag","embeddable":true,"href":"https:\/\/encuentroinformativo.com.mx\/index.php?rest_route=%2Fwp%2Fv2%2Ftags&post=41699"}],"curies":[{"name":"wp","href":"https:\/\/api.w.org\/{rel}","templated":true}]}}