{"id":41704,"date":"2023-06-09T08:27:07","date_gmt":"2023-06-09T14:27:07","guid":{"rendered":"https:\/\/encuentroinformativo.com.mx\/?p=41704"},"modified":"2023-06-09T08:27:12","modified_gmt":"2023-06-09T14:27:12","slug":"pri-dos-sopas","status":"publish","type":"post","link":"https:\/\/encuentroinformativo.com.mx\/?p=41704","title":{"rendered":"PRI: DOS SOPAS"},"content":{"rendered":"\n<p><strong>Los Pol\u00edticos<\/strong><\/p>\n\n\n\n<p><strong>Salvador Mu\u00f1oz<\/strong><\/p>\n\n\n\n<p>Algo es cierto en el PRI de Veracruz\u2026 cuando fue el partido en el Poder, todos eran parte de la gran familia pri\u00edsta\u2026 todos eran \u201chermanitos\u201d&#8230; todo era optimismo. Siete a\u00f1os fuera del poder, y el tiempo ha puesto a cada quien en su lugar\u2026<\/p>\n\n\n\n<p>Hoy, algunos est\u00e1n con Morena, partido en el poder; otros decidieron abandonar la pol\u00edtica; hay quienes optaron por hacer votos de silencio porque sin cargo, sin puesto, sin fuero, singularidades que les concedi\u00f3 en su mejor momento el otrora Partidazo, les cuesta ser oposici\u00f3n\u2026 pero lo incre\u00edble del momento que vive el PRI, es que algunos decidieron ser Oposici\u00f3n \u00a1pero de su propio partido!<\/p>\n\n\n\n<p>Algo es cierto en el PRI de Veracruz\u2026 No deja de tener su m\u00edstica para que aun con la situaci\u00f3n tan complicada que vive por las causas naturales que conlleva la alternancia, aunado al apret\u00f3n de cintur\u00f3n que el sistema en el poder los ha llevado, hay inter\u00e9s para renovar la dirigencia tricolor que hoy encabeza Marlon Ram\u00edrez Mar\u00edn, en varios de sus militantes (algunos presentes y constantes; otros, cual cometa Halley, porque tardan en aparecer y s\u00f3lo para causar alboroto).<\/p>\n\n\n\n<p>He de suponer que pasar de un d\u00eda para otro del Poder a la Oposici\u00f3n, tom\u00f3 a muchos pri\u00edstas desprevenidos\u2026<\/p>\n\n\n\n<p>Algunos viejos pri\u00edstas dif\u00edcilmente pudieron entender el papel de Oposici\u00f3n\u2026 Algunos j\u00f3venes optaron por lo f\u00e1cil: emigrar porque vieron que picar piedra ya no iba a significar cargar la maleta al jefe, estar detr\u00e1s de \u00e9l o llevarle su agenda para poder entonces ascender a buenos cargos\u2026 los adultos, \u00e9sos que gozaron curules, locales y federales; presidencias municipales; secretar\u00edas y subsecretar\u00edas; canonj\u00edas; \u00a1todo en este nuevo siglo!, se replegaron, se escondieron, se perdieron con el arribo de la alternancia azul y guinda\u2026 algunos aparecieron ahora que se habla de la renovaci\u00f3n de la dirigencia tricolor\u2026 alzan la voz, alzan la mano, pero en siete a\u00f1os entre Yunes Linares y Garc\u00eda Jim\u00e9nez, ni p\u00edo dijeron.<\/p>\n\n\n\n<p>Hoy por ah\u00ed aparece Carolina Gudi\u00f1o junto con Fernando Kuri y Ram\u00f3n Alberto Reyes Viveros, as\u00ed como hay quienes citan a los hermanos V\u00e1zquez (Cirilo y Ponciano) con miras a renovar la dirigencia del partido.<\/p>\n\n\n\n<p>Cada uno de ellos sabe el lugar que ocupa en estos momentos como Oposici\u00f3n (no del partido, sino del Gobierno morenista)&#8230;<\/p>\n\n\n\n<p>&nbsp;Cada uno de ellos sabe las veces que ha recorrido el estado en estos siete a\u00f1os como Oposici\u00f3n, para acercarse a la militancia, pero la de a pie, la que se pone la camiseta, la que s\u00ed siente las siglas y los colores\u2026<\/p>\n\n\n\n<p>Por cierto, este mi\u00e9rcoles, un grupo de pri\u00edstas encabezados por Carolina Gudi\u00f1o acudieron al CEN del PRI; algunos dicen que buscando a Alito Moreno; hay quienes aseguran que a Jorge Armando Meade, quien funge en Veracruz como delegado del partido.<\/p>\n\n\n\n<p>Otro por cierto: Hay quienes ven a esta pri\u00edsta af\u00edn al grupo de Pepe Yunes, aunque sinceramente se duda de que la pri\u00edsta m\u00e1s fidelista que Javier Herrera Borunda, est\u00e9 allegada al perote\u00f1o\u2026 o Ra\u00fal Zarrabal\u2026 o Alfredo Ferrari\u2026 o Bertha Hern\u00e1ndez\u2026 o Ra\u00fal D\u00edaz Diez\u2026 que igual estuvieron por la Ciudad de M\u00e9xico\u2026<\/p>\n\n\n\n<p>Como sea, en el PRI habr\u00e1 de dos sopas: O Marlon se mantiene al mando del PRI hasta el 2024, igual como ocurre con Alito Moreno, o se tendr\u00e1 que elegir una nueva dirigencia; si es la segunda opci\u00f3n, s\u00f3lo se espera que quien quede, contin\u00fae con la ruta trazada de este PRI que con Marlon, por fin supo qu\u00e9 es ser oposici\u00f3n y ojal\u00e1 no venga a poner todo su empe\u00f1o para tratar de aprenderlo\u2026<\/p>\n","protected":false},"excerpt":{"rendered":"<p>Los Pol\u00edticos Salvador Mu\u00f1oz Algo es cierto en el PRI de Veracruz\u2026 cuando fue el partido en el Poder, todos eran parte de la gran familia pri\u00edsta\u2026 todos eran \u201chermanitos\u201d&#8230; todo era optimismo. Siete a\u00f1os fuera del poder, y el tiempo ha puesto a cada quien en su lugar\u2026 Hoy, algunos est\u00e1n con Morena, partido [&hellip;]<\/p>\n","protected":false},"author":2476,"featured_media":387,"comment_status":"open","ping_status":"open","sticky":false,"template":"","format":"standard","meta":{"_jetpack_memberships_contains_paid_content":false,"footnotes":""},"categories":[11],"tags":[],"class_list":["post-41704","post","type-post","status-publish","format-standard","has-post-thumbnail","hentry","category-opinion"],"jetpack_featured_media_url":"https:\/\/encuentroinformativo.com.mx\/wp-content\/uploads\/2020\/03\/7CF8A22B-2764-47BE-8F7F-38FE9E5D6A2F.jpeg","jetpack_sharing_enabled":true,"jetpack_likes_enabled":true,"amp_enabled":true,"_links":{"self":[{"href":"https:\/\/encuentroinformativo.com.mx\/index.php?rest_route=\/wp\/v2\/posts\/41704","targetHints":{"allow":["GET"]}}],"collection":[{"href":"https:\/\/encuentroinformativo.com.mx\/index.php?rest_route=\/wp\/v2\/posts"}],"about":[{"href":"https:\/\/encuentroinformativo.com.mx\/index.php?rest_route=\/wp\/v2\/types\/post"}],"author":[{"embeddable":true,"href":"https:\/\/encuentroinformativo.com.mx\/index.php?rest_route=\/wp\/v2\/users\/2476"}],"replies":[{"embeddable":true,"href":"https:\/\/encuentroinformativo.com.mx\/index.php?rest_route=%2Fwp%2Fv2%2Fcomments&post=41704"}],"version-history":[{"count":1,"href":"https:\/\/encuentroinformativo.com.mx\/index.php?rest_route=\/wp\/v2\/posts\/41704\/revisions"}],"predecessor-version":[{"id":41705,"href":"https:\/\/encuentroinformativo.com.mx\/index.php?rest_route=\/wp\/v2\/posts\/41704\/revisions\/41705"}],"wp:featuredmedia":[{"embeddable":true,"href":"https:\/\/encuentroinformativo.com.mx\/index.php?rest_route=\/wp\/v2\/media\/387"}],"wp:attachment":[{"href":"https:\/\/encuentroinformativo.com.mx\/index.php?rest_route=%2Fwp%2Fv2%2Fmedia&parent=41704"}],"wp:term":[{"taxonomy":"category","embeddable":true,"href":"https:\/\/encuentroinformativo.com.mx\/index.php?rest_route=%2Fwp%2Fv2%2Fcategories&post=41704"},{"taxonomy":"post_tag","embeddable":true,"href":"https:\/\/encuentroinformativo.com.mx\/index.php?rest_route=%2Fwp%2Fv2%2Ftags&post=41704"}],"curies":[{"name":"wp","href":"https:\/\/api.w.org\/{rel}","templated":true}]}}