{"id":41718,"date":"2023-06-09T13:04:38","date_gmt":"2023-06-09T19:04:38","guid":{"rendered":"https:\/\/encuentroinformativo.com.mx\/?p=41718"},"modified":"2023-06-09T13:04:41","modified_gmt":"2023-06-09T19:04:41","slug":"padres-deben-denunciar-agresiones-a-menores-en-plaza-comercial-de-boca-del-rio","status":"publish","type":"post","link":"https:\/\/encuentroinformativo.com.mx\/?p=41718","title":{"rendered":"Padres deben denunciar agresiones a menores en plaza comercial de Boca del R\u00edo"},"content":{"rendered":"\n<p><strong>Alejandro \u00c1vila<\/strong><\/p>\n\n\n\n<p>Veracruz, Ver.- La activista, Belem Palmeros Exsome exhort\u00f3 a los padres de familia a denunciar las agresiones sexuales que han sufrido menores de edad en la plaza comercial Andamar del municipio de Boca del R\u00edo.<\/p>\n\n\n\n<p>Es de recordar que hace unos d\u00edas la Colectiva Feminista Las Brujas del Mar denunci\u00f3 en sus redes sociales la agresi\u00f3n sexual que sufr\u00edan menores de edad por parte de adultos.<\/p>\n\n\n\n<p>Seg\u00fan mencion\u00f3 la Colectiva, dos sujetos han sido se\u00f1alados de contactan a las j\u00f3venes por redes sociales, seduciendolas ofreciendo regalos o dinero para, posteriormente, citarlas en la Plaza Andamar y, en el ba\u00f1o o en el estacionamiento obtener fotograf\u00edas o videos sexuales de ellas.<\/p>\n\n\n\n<p>&#8220;Por protecci\u00f3n a las ni\u00f1as y a los padres de familia decidieron no meter ninguna denuncia, ojal\u00e1 y estos padres de familia se\u00f1alen a esos agresores porque sin denuncia no hay justicia (\u2026) yo desconozco cuantas ni\u00f1as, solamente tengo conocimiento de dos&#8221;, subray\u00f3.<\/p>\n\n\n\n<p>La tambi\u00e9n regidora del Ayuntamiento de Veracruz exhort\u00f3 a la Fiscal\u00eda General de Veracruz a investigar este caso, a fin de detener a los agresores para evitar tener m\u00e1s v\u00edctimas.<\/p>\n","protected":false},"excerpt":{"rendered":"<p>Alejandro \u00c1vila Veracruz, Ver.- La activista, Belem Palmeros Exsome exhort\u00f3 a los padres de familia a denunciar las agresiones sexuales que han sufrido menores de edad en la plaza comercial Andamar del municipio de Boca del R\u00edo. Es de recordar que hace unos d\u00edas la Colectiva Feminista Las Brujas del Mar denunci\u00f3 en sus redes [&hellip;]<\/p>\n","protected":false},"author":2476,"featured_media":41719,"comment_status":"open","ping_status":"open","sticky":false,"template":"","format":"standard","meta":{"_jetpack_memberships_contains_paid_content":false,"footnotes":""},"categories":[2],"tags":[],"class_list":["post-41718","post","type-post","status-publish","format-standard","has-post-thumbnail","hentry","category-estado"],"jetpack_featured_media_url":"https:\/\/encuentroinformativo.com.mx\/wp-content\/uploads\/2023\/06\/Screenshot_20230609-130208.png","jetpack_sharing_enabled":true,"jetpack_likes_enabled":true,"amp_enabled":true,"_links":{"self":[{"href":"https:\/\/encuentroinformativo.com.mx\/index.php?rest_route=\/wp\/v2\/posts\/41718","targetHints":{"allow":["GET"]}}],"collection":[{"href":"https:\/\/encuentroinformativo.com.mx\/index.php?rest_route=\/wp\/v2\/posts"}],"about":[{"href":"https:\/\/encuentroinformativo.com.mx\/index.php?rest_route=\/wp\/v2\/types\/post"}],"author":[{"embeddable":true,"href":"https:\/\/encuentroinformativo.com.mx\/index.php?rest_route=\/wp\/v2\/users\/2476"}],"replies":[{"embeddable":true,"href":"https:\/\/encuentroinformativo.com.mx\/index.php?rest_route=%2Fwp%2Fv2%2Fcomments&post=41718"}],"version-history":[{"count":1,"href":"https:\/\/encuentroinformativo.com.mx\/index.php?rest_route=\/wp\/v2\/posts\/41718\/revisions"}],"predecessor-version":[{"id":41720,"href":"https:\/\/encuentroinformativo.com.mx\/index.php?rest_route=\/wp\/v2\/posts\/41718\/revisions\/41720"}],"wp:featuredmedia":[{"embeddable":true,"href":"https:\/\/encuentroinformativo.com.mx\/index.php?rest_route=\/wp\/v2\/media\/41719"}],"wp:attachment":[{"href":"https:\/\/encuentroinformativo.com.mx\/index.php?rest_route=%2Fwp%2Fv2%2Fmedia&parent=41718"}],"wp:term":[{"taxonomy":"category","embeddable":true,"href":"https:\/\/encuentroinformativo.com.mx\/index.php?rest_route=%2Fwp%2Fv2%2Fcategories&post=41718"},{"taxonomy":"post_tag","embeddable":true,"href":"https:\/\/encuentroinformativo.com.mx\/index.php?rest_route=%2Fwp%2Fv2%2Ftags&post=41718"}],"curies":[{"name":"wp","href":"https:\/\/api.w.org\/{rel}","templated":true}]}}