{"id":41721,"date":"2023-06-09T16:02:32","date_gmt":"2023-06-09T22:02:32","guid":{"rendered":"https:\/\/encuentroinformativo.com.mx\/?p=41721"},"modified":"2023-06-09T16:02:36","modified_gmt":"2023-06-09T22:02:36","slug":"fines-de-semana-no-atienden-especialistas-en-torre-pediatrica-acusan-padres","status":"publish","type":"post","link":"https:\/\/encuentroinformativo.com.mx\/?p=41721","title":{"rendered":"Fines de semana no atienden especialistas en Torre Pedi\u00e1trica, acusan padres"},"content":{"rendered":"\n<p><strong>Juan Arcos <\/strong><\/p>\n\n\n\n<p>Xalapa, Ver.- Los fines de semana no hay especialistas en la Torre Pedi\u00e1trica del puerto de Veracruz y por ende postergan m\u00e1s las atenciones m\u00e9dicas a pacientes que requieren con urgencia intervenciones quir\u00fargicas.<\/p>\n\n\n\n<p>El ni\u00f1o Kevin Alejandro Villegas Ram\u00edrez, de 10 a\u00f1os, llevaba casi un mes en cama esperando ser operado de lo que inicialmente fue apendicitis aguda, pero la condici\u00f3n se complic\u00f3 y se convirti\u00f3 en peritonitis aguda.<\/p>\n\n\n\n<p>Su padre Alejandro Villegas Casta\u00f1eda relat\u00f3 que la \u00fanica intervenci\u00f3n que hab\u00eda tenido su hijo fue para extraerle pus. Despu\u00e9s ser\u00eda operado pero \u00e9sta se retras\u00f3 por falta de cirujanos pediatras.<\/p>\n\n\n\n<p>\u201cSi llegan personas con m\u00e1s gravedad, al ni\u00f1o no lo van a operar y no tendr\u00e1 fecha. El Ni\u00f1o ya ten\u00eda m\u00e1s de un litro de pus en el organismo, le ha dado dos veces fiebre y dicen que es normal\u201d, se\u00f1al\u00f3.<\/p>\n\n\n\n<p>El padre del menor afectado enfatiz\u00f3 que la situaci\u00f3n no s\u00f3lo los afect\u00f3 a ellos, tambi\u00e9n a otro menor de edad que lleva semanas esperando ser atendido, pues tiene una pierna rota.<\/p>\n\n\n\n<p>Los m\u00e9dicos a cargo del otro paciente s\u00f3lo cambian el vendaje de sus heridas. El menor sufre mucho y contin\u00faa con su lesi\u00f3n de fractura.<\/p>\n\n\n\n<p>\u201cSe me hace un poco raro porque el fin de semana no hay cirujano pediatra en la Torre Pedi\u00e1trica, en cualquier momento un ni\u00f1o se puede poner mal. Espero le llegue el mensaje al se\u00f1or gobernador\u201d, se\u00f1al\u00f3.<\/p>\n\n\n\n<p>Los m\u00e9dicos argumentan que el ni\u00f1o tiene niveles bajos de hemoglobina, lo cual imped\u00eda realizar la cirug\u00eda. Sin embargo, el se\u00f1or Villegas acus\u00f3 a los m\u00e9dicos de no proporcionarle informaci\u00f3n completa.<\/p>\n\n\n\n<p>El ni\u00f1o Kevin fue operado durante esta semana, luego de que su caso se hiciera p\u00fablico en medios de comunicaci\u00f3n de la regi\u00f3n; sin embargo, las quejas son constantes por malas atenciones m\u00e9dicas en la Torre Pedi\u00e1trica.<\/p>\n","protected":false},"excerpt":{"rendered":"<p>Juan Arcos Xalapa, Ver.- Los fines de semana no hay especialistas en la Torre Pedi\u00e1trica del puerto de Veracruz y por ende postergan m\u00e1s las atenciones m\u00e9dicas a pacientes que requieren con urgencia intervenciones quir\u00fargicas. El ni\u00f1o Kevin Alejandro Villegas Ram\u00edrez, de 10 a\u00f1os, llevaba casi un mes en cama esperando ser operado de lo [&hellip;]<\/p>\n","protected":false},"author":2476,"featured_media":41722,"comment_status":"open","ping_status":"open","sticky":false,"template":"","format":"standard","meta":{"_jetpack_memberships_contains_paid_content":false,"footnotes":""},"categories":[9],"tags":[],"class_list":["post-41721","post","type-post","status-publish","format-standard","has-post-thumbnail","hentry","category-salud"],"jetpack_featured_media_url":"https:\/\/encuentroinformativo.com.mx\/wp-content\/uploads\/2023\/06\/IMG_5179.jpg","jetpack_sharing_enabled":true,"jetpack_likes_enabled":true,"amp_enabled":true,"_links":{"self":[{"href":"https:\/\/encuentroinformativo.com.mx\/index.php?rest_route=\/wp\/v2\/posts\/41721","targetHints":{"allow":["GET"]}}],"collection":[{"href":"https:\/\/encuentroinformativo.com.mx\/index.php?rest_route=\/wp\/v2\/posts"}],"about":[{"href":"https:\/\/encuentroinformativo.com.mx\/index.php?rest_route=\/wp\/v2\/types\/post"}],"author":[{"embeddable":true,"href":"https:\/\/encuentroinformativo.com.mx\/index.php?rest_route=\/wp\/v2\/users\/2476"}],"replies":[{"embeddable":true,"href":"https:\/\/encuentroinformativo.com.mx\/index.php?rest_route=%2Fwp%2Fv2%2Fcomments&post=41721"}],"version-history":[{"count":1,"href":"https:\/\/encuentroinformativo.com.mx\/index.php?rest_route=\/wp\/v2\/posts\/41721\/revisions"}],"predecessor-version":[{"id":41723,"href":"https:\/\/encuentroinformativo.com.mx\/index.php?rest_route=\/wp\/v2\/posts\/41721\/revisions\/41723"}],"wp:featuredmedia":[{"embeddable":true,"href":"https:\/\/encuentroinformativo.com.mx\/index.php?rest_route=\/wp\/v2\/media\/41722"}],"wp:attachment":[{"href":"https:\/\/encuentroinformativo.com.mx\/index.php?rest_route=%2Fwp%2Fv2%2Fmedia&parent=41721"}],"wp:term":[{"taxonomy":"category","embeddable":true,"href":"https:\/\/encuentroinformativo.com.mx\/index.php?rest_route=%2Fwp%2Fv2%2Fcategories&post=41721"},{"taxonomy":"post_tag","embeddable":true,"href":"https:\/\/encuentroinformativo.com.mx\/index.php?rest_route=%2Fwp%2Fv2%2Ftags&post=41721"}],"curies":[{"name":"wp","href":"https:\/\/api.w.org\/{rel}","templated":true}]}}