{"id":41724,"date":"2023-06-09T16:20:05","date_gmt":"2023-06-09T22:20:05","guid":{"rendered":"https:\/\/encuentroinformativo.com.mx\/?p=41724"},"modified":"2023-06-09T16:20:09","modified_gmt":"2023-06-09T22:20:09","slug":"no-seran-investigados-policias-que-detuvieron-a-jueza-gobernador","status":"publish","type":"post","link":"https:\/\/encuentroinformativo.com.mx\/?p=41724","title":{"rendered":"No ser\u00e1n investigados polic\u00edas que detuvieron a jueza: Gobernador"},"content":{"rendered":"\n<p><strong>Dar\u00edo Pale <\/strong><\/p>\n\n\n\n<p>Xalapa, Ver.- El gobernador del estado Cuitl\u00e1huac dio a conocer que no investigar\u00e1n a los polic\u00edas que detuvieron a la jueza, los cuales acusa que de la torturaron en el cuartel San Jos\u00e9 despu\u00e9s de detenerla.<\/p>\n\n\n\n<p>En conferencia de prensa se\u00f1al\u00f3 que, los polic\u00edas que detuvieron a la jueza Angelica S\u00e1nchez Hern\u00e1ndez no va a ser investigados ya que los acus\u00f3 de tortura en el cuartel San Jos\u00e9 aqu\u00ed en la capital del estado.<\/p>\n\n\n\n<p>Evito emitir alguna opini\u00f3n sobre c\u00f3mo fue que se llev\u00f3 a cabo la detenci\u00f3n de la Jueza, ya que eso se resolver\u00e1 en el juicio que se podr\u00eda seguir en contra por el supuesto acuerdo que sostuvo con el abogado de Itiel &#8220;N&#8221;, m\u00e1s conocido como El Compa Playa&#8221;.<\/p>\n\n\n\n<p>&#8220;Si ella se califica as\u00ed, \u00bfyo qu\u00e9 puedo decir? nada, no voy a decir nada, que lo diga el juicio, investigaci\u00f3n no habr\u00e1, que lo diga el juicio&#8221;, se\u00f1al\u00f3.<\/p>\n\n\n\n<p>Acus\u00f3 a la jueza de que quiere que todo se trate de forma medi\u00e1tica para as\u00ed poder ganar una estrategia para su defensa.<\/p>\n\n\n\n<p>Finalmente se\u00f1al\u00f3 que &#8220;se inician los juicios y ella tiene que presentarse a declarar, tiene que seguir la investigaci\u00f3n a que est\u00e1 sujeta y ah\u00ed podr\u00e1 hacer sus alegatos, no voy a intercambiar alegatos en los medios porque una cosa dice el medio y otra est\u00e1 en los juicio.<\/p>\n","protected":false},"excerpt":{"rendered":"<p>Dar\u00edo Pale Xalapa, Ver.- El gobernador del estado Cuitl\u00e1huac dio a conocer que no investigar\u00e1n a los polic\u00edas que detuvieron a la jueza, los cuales acusa que de la torturaron en el cuartel San Jos\u00e9 despu\u00e9s de detenerla. En conferencia de prensa se\u00f1al\u00f3 que, los polic\u00edas que detuvieron a la jueza Angelica S\u00e1nchez Hern\u00e1ndez no [&hellip;]<\/p>\n","protected":false},"author":2476,"featured_media":41725,"comment_status":"open","ping_status":"open","sticky":false,"template":"","format":"standard","meta":{"_jetpack_memberships_contains_paid_content":false,"footnotes":""},"categories":[2],"tags":[],"class_list":["post-41724","post","type-post","status-publish","format-standard","has-post-thumbnail","hentry","category-estado"],"jetpack_featured_media_url":"https:\/\/encuentroinformativo.com.mx\/wp-content\/uploads\/2023\/06\/Photo_1686348884130.jpg","jetpack_sharing_enabled":true,"jetpack_likes_enabled":true,"amp_enabled":true,"_links":{"self":[{"href":"https:\/\/encuentroinformativo.com.mx\/index.php?rest_route=\/wp\/v2\/posts\/41724","targetHints":{"allow":["GET"]}}],"collection":[{"href":"https:\/\/encuentroinformativo.com.mx\/index.php?rest_route=\/wp\/v2\/posts"}],"about":[{"href":"https:\/\/encuentroinformativo.com.mx\/index.php?rest_route=\/wp\/v2\/types\/post"}],"author":[{"embeddable":true,"href":"https:\/\/encuentroinformativo.com.mx\/index.php?rest_route=\/wp\/v2\/users\/2476"}],"replies":[{"embeddable":true,"href":"https:\/\/encuentroinformativo.com.mx\/index.php?rest_route=%2Fwp%2Fv2%2Fcomments&post=41724"}],"version-history":[{"count":1,"href":"https:\/\/encuentroinformativo.com.mx\/index.php?rest_route=\/wp\/v2\/posts\/41724\/revisions"}],"predecessor-version":[{"id":41726,"href":"https:\/\/encuentroinformativo.com.mx\/index.php?rest_route=\/wp\/v2\/posts\/41724\/revisions\/41726"}],"wp:featuredmedia":[{"embeddable":true,"href":"https:\/\/encuentroinformativo.com.mx\/index.php?rest_route=\/wp\/v2\/media\/41725"}],"wp:attachment":[{"href":"https:\/\/encuentroinformativo.com.mx\/index.php?rest_route=%2Fwp%2Fv2%2Fmedia&parent=41724"}],"wp:term":[{"taxonomy":"category","embeddable":true,"href":"https:\/\/encuentroinformativo.com.mx\/index.php?rest_route=%2Fwp%2Fv2%2Fcategories&post=41724"},{"taxonomy":"post_tag","embeddable":true,"href":"https:\/\/encuentroinformativo.com.mx\/index.php?rest_route=%2Fwp%2Fv2%2Ftags&post=41724"}],"curies":[{"name":"wp","href":"https:\/\/api.w.org\/{rel}","templated":true}]}}