{"id":41733,"date":"2023-06-09T20:18:37","date_gmt":"2023-06-10T02:18:37","guid":{"rendered":"https:\/\/encuentroinformativo.com.mx\/?p=41733"},"modified":"2023-06-09T20:18:44","modified_gmt":"2023-06-10T02:18:44","slug":"invita-alcalde-juan-manuel-unanue-al-curso-de-verano-boquenitos-2023","status":"publish","type":"post","link":"https:\/\/encuentroinformativo.com.mx\/?p=41733","title":{"rendered":"Invita Alcalde Juan Manuel Un\u00e1nue al curso de verano \u201cBoque\u00f1itos 2023\u201d"},"content":{"rendered":"\n<p><strong>*<em>Se llevar\u00e1 a cabo del 24 de julio al 18 de agosto en la Unidad Deportiva Hugo S\u00e1nchez<\/em>.<\/strong><\/p>\n\n\n\n<p>Boca del R\u00edo, Ver.- Con la finalidad de que la ni\u00f1ez boque\u00f1a pase un verano emocionante, la direcci\u00f3n de Fomento Deportivo del Ayuntamiento de Boca del R\u00edo, lanz\u00f3 el Curso de Verano \u201cBoque\u00f1itos 2023&#8243;, el cual se realizar\u00e1 del 24 de julio al 18 de agosto en la Unidad Deportiva Hugo S\u00e1nchez M\u00e1rquez.<\/p>\n\n\n\n<p>Dentro de las actividades que se estar\u00e1n llevando a cabo son atletismo, actividad acu\u00e1tica, f\u00fatbol, cine, rally deportivo, b\u00e1squetbol, voleibol, circuitos de activaci\u00f3n motriz y baile; para ni\u00f1os de 6 a 8 a\u00f1os, 9 a 10 a\u00f1os y de 11 a 13 a\u00f1os.<\/p>\n\n\n\n<p>\u201cContinuamos con la activaci\u00f3n en las unidades deportivas del municipio con la finalidad de que nuestros ni\u00f1os y j\u00f3venes tengan espacios de recreaci\u00f3n mediante la actividad f\u00edsica. Pr\u00f3ximamente se vienen las vacaciones de verano y qu\u00e9 mejor que lo puedan aprovechar los ni\u00f1os boque\u00f1os con el este Curso \u2018Boque\u00f1itos 2023\u2019, as\u00ed que est\u00e1n todos invitados\u201d, expres\u00f3 el alcalde.<\/p>\n\n\n\n<p>Este Curso de Verano tiene como objetivo impulsar la activaci\u00f3n f\u00edsica y socializaci\u00f3n de ni\u00f1os y ni\u00f1as, as\u00ed como acercar el deporte, la recreaci\u00f3n y la convivencia familiar.<\/p>\n\n\n\n<p><em><strong>INSCRIPCIONES DEL 12 AL 23 DE JUNIO<\/strong><\/em><\/p>\n\n\n\n<p>Directamente en la direcci\u00f3n de Fomento Deportivo ubicada en la Unidad Deportiva Hugo S\u00e1nchez o al n\u00famero telef\u00f3nico (229) 2 022222 extensi\u00f3n 6140 de lunes a viernes en horario de 9 am a 3 pm.<\/p>\n\n\n\n<p>Cabe hacer menci\u00f3n que para las inscripciones habr\u00e1 precio de preventa hasta el 30 de junio.<\/p>\n\n\n\n<figure class=\"wp-block-image size-large\"><img loading=\"lazy\" decoding=\"async\" width=\"1022\" height=\"1024\" src=\"https:\/\/encuentroinformativo.com.mx\/wp-content\/uploads\/2023\/06\/IMG-20230609-WA0077-1022x1024.jpg\" alt=\"\" class=\"wp-image-41735\" srcset=\"https:\/\/encuentroinformativo.com.mx\/wp-content\/uploads\/2023\/06\/IMG-20230609-WA0077-1022x1024.jpg 1022w, https:\/\/encuentroinformativo.com.mx\/wp-content\/uploads\/2023\/06\/IMG-20230609-WA0077-300x300.jpg 300w, https:\/\/encuentroinformativo.com.mx\/wp-content\/uploads\/2023\/06\/IMG-20230609-WA0077-150x150.jpg 150w, https:\/\/encuentroinformativo.com.mx\/wp-content\/uploads\/2023\/06\/IMG-20230609-WA0077-768x769.jpg 768w, https:\/\/encuentroinformativo.com.mx\/wp-content\/uploads\/2023\/06\/IMG-20230609-WA0077.jpg 1278w\" sizes=\"auto, (max-width: 1022px) 100vw, 1022px\" \/><\/figure>\n","protected":false},"excerpt":{"rendered":"<p>*Se llevar\u00e1 a cabo del 24 de julio al 18 de agosto en la Unidad Deportiva Hugo S\u00e1nchez. Boca del R\u00edo, Ver.- Con la finalidad de que la ni\u00f1ez boque\u00f1a pase un verano emocionante, la direcci\u00f3n de Fomento Deportivo del Ayuntamiento de Boca del R\u00edo, lanz\u00f3 el Curso de Verano \u201cBoque\u00f1itos 2023&#8243;, el cual se [&hellip;]<\/p>\n","protected":false},"author":2476,"featured_media":41734,"comment_status":"open","ping_status":"open","sticky":false,"template":"","format":"standard","meta":{"_jetpack_memberships_contains_paid_content":false,"footnotes":""},"categories":[2],"tags":[],"class_list":["post-41733","post","type-post","status-publish","format-standard","has-post-thumbnail","hentry","category-estado"],"jetpack_featured_media_url":"https:\/\/encuentroinformativo.com.mx\/wp-content\/uploads\/2023\/06\/IMG-20230609-WA00782.jpg","jetpack_sharing_enabled":true,"jetpack_likes_enabled":true,"amp_enabled":true,"_links":{"self":[{"href":"https:\/\/encuentroinformativo.com.mx\/index.php?rest_route=\/wp\/v2\/posts\/41733","targetHints":{"allow":["GET"]}}],"collection":[{"href":"https:\/\/encuentroinformativo.com.mx\/index.php?rest_route=\/wp\/v2\/posts"}],"about":[{"href":"https:\/\/encuentroinformativo.com.mx\/index.php?rest_route=\/wp\/v2\/types\/post"}],"author":[{"embeddable":true,"href":"https:\/\/encuentroinformativo.com.mx\/index.php?rest_route=\/wp\/v2\/users\/2476"}],"replies":[{"embeddable":true,"href":"https:\/\/encuentroinformativo.com.mx\/index.php?rest_route=%2Fwp%2Fv2%2Fcomments&post=41733"}],"version-history":[{"count":1,"href":"https:\/\/encuentroinformativo.com.mx\/index.php?rest_route=\/wp\/v2\/posts\/41733\/revisions"}],"predecessor-version":[{"id":41736,"href":"https:\/\/encuentroinformativo.com.mx\/index.php?rest_route=\/wp\/v2\/posts\/41733\/revisions\/41736"}],"wp:featuredmedia":[{"embeddable":true,"href":"https:\/\/encuentroinformativo.com.mx\/index.php?rest_route=\/wp\/v2\/media\/41734"}],"wp:attachment":[{"href":"https:\/\/encuentroinformativo.com.mx\/index.php?rest_route=%2Fwp%2Fv2%2Fmedia&parent=41733"}],"wp:term":[{"taxonomy":"category","embeddable":true,"href":"https:\/\/encuentroinformativo.com.mx\/index.php?rest_route=%2Fwp%2Fv2%2Fcategories&post=41733"},{"taxonomy":"post_tag","embeddable":true,"href":"https:\/\/encuentroinformativo.com.mx\/index.php?rest_route=%2Fwp%2Fv2%2Ftags&post=41733"}],"curies":[{"name":"wp","href":"https:\/\/api.w.org\/{rel}","templated":true}]}}