{"id":4174,"date":"2020-07-16T14:09:45","date_gmt":"2020-07-16T19:09:45","guid":{"rendered":"https:\/\/encuentroinformativo.com\/?p=4174"},"modified":"2020-07-16T14:09:48","modified_gmt":"2020-07-16T19:09:48","slug":"filtros-ocasionan-perdidas-del-90-reclaman-comerciantes","status":"publish","type":"post","link":"https:\/\/encuentroinformativo.com.mx\/?p=4174","title":{"rendered":"Filtros ocasionan p\u00e9rdidas del 90%, reclaman comerciantes"},"content":{"rendered":"\n<p><strong>Juan Arcos <\/strong><\/p>\n\n\n\n<p>Xalapa, Ver.- Decenas de comerciantes formales y locatarios del mercado J\u00e1uregui marcharon en el centro de la ciudad para exigir la reapertura de las calles.<\/p>\n\n\n\n<p>Los quejosos denunciaron que la restricci\u00f3n de movilidad les gener\u00f3 p\u00e9rdidas econ\u00f3micas del 90 por ciento.<\/p>\n\n\n\n<p>\u201cHoy nuestra solicitud se enfoca en solicitar la reapertura de la circulaci\u00f3n del centro hist\u00f3rico de la ciudad de Xalapa, continuando con las medidas de salud correspondientes\u201d, mencion\u00f3 uno de ellos, quien prefiri\u00f3 el anonimato.<\/p>\n\n\n\n<p>Adem\u00e1s, dieron a conocer que, ante la dif\u00edcil crisis econ\u00f3mica por la pandemia del COVID-19, han tenido que recortar su plantilla laboral y diversos negocios est\u00e1n en peligro de cerrar sus puertas de manera definitiva.<\/p>\n\n\n\n<p>\u201cHasta el momento el comercio establecido, hemos cumplido con la normatividad dictada por la Secretar\u00eda de Salud: sana distancia, uso de cubrebocas al ingresar a los negocios, aplicaci\u00f3n de gel antibacterial, sanitizacu\u00f3n de calzado en tapetes, en algunos casos la toma de temperatura y el ingreso de una persona por familia\u201d.<\/p>\n\n\n\n<p>En ese sentido, propusieron a las autoridades distribuir cubrebocas, aplicar gel antibacterial en los puntos de acceso al Centro Hist\u00f3rico y colocar anuncios con las diferentes medidas de santidad, para que se permita nuevamente la movilidad en la zona.<\/p>\n\n\n\n<p>Cabe recordar que por decreto gubernamental se restringi\u00f3 la movilidad en la zona centro de 38 municipios de la entidad, entre ellos Xalapa, medida que el comercio establecido consider\u00f3 como \u201cdr\u00e1stica\u201d.<\/p>\n\n\n\n<p><\/p>\n","protected":false},"excerpt":{"rendered":"<p>Juan Arcos Xalapa, Ver.- Decenas de comerciantes formales y locatarios del mercado J\u00e1uregui marcharon en el centro de la ciudad para exigir la reapertura de las calles. Los quejosos denunciaron que la restricci\u00f3n de movilidad les gener\u00f3 p\u00e9rdidas econ\u00f3micas del 90 por ciento. \u201cHoy nuestra solicitud se enfoca en solicitar la reapertura de la circulaci\u00f3n [&hellip;]<\/p>\n","protected":false},"author":1,"featured_media":4175,"comment_status":"open","ping_status":"open","sticky":false,"template":"","format":"standard","meta":{"_jetpack_memberships_contains_paid_content":false,"footnotes":""},"categories":[3],"tags":[],"class_list":["post-4174","post","type-post","status-publish","format-standard","has-post-thumbnail","hentry","category-xalapa"],"jetpack_featured_media_url":"https:\/\/encuentroinformativo.com.mx\/wp-content\/uploads\/2020\/07\/37790E19-3DC4-4557-8363-B84B24AB660A.jpeg","jetpack_sharing_enabled":true,"jetpack_likes_enabled":true,"amp_enabled":true,"_links":{"self":[{"href":"https:\/\/encuentroinformativo.com.mx\/index.php?rest_route=\/wp\/v2\/posts\/4174","targetHints":{"allow":["GET"]}}],"collection":[{"href":"https:\/\/encuentroinformativo.com.mx\/index.php?rest_route=\/wp\/v2\/posts"}],"about":[{"href":"https:\/\/encuentroinformativo.com.mx\/index.php?rest_route=\/wp\/v2\/types\/post"}],"author":[{"embeddable":true,"href":"https:\/\/encuentroinformativo.com.mx\/index.php?rest_route=\/wp\/v2\/users\/1"}],"replies":[{"embeddable":true,"href":"https:\/\/encuentroinformativo.com.mx\/index.php?rest_route=%2Fwp%2Fv2%2Fcomments&post=4174"}],"version-history":[{"count":1,"href":"https:\/\/encuentroinformativo.com.mx\/index.php?rest_route=\/wp\/v2\/posts\/4174\/revisions"}],"predecessor-version":[{"id":4176,"href":"https:\/\/encuentroinformativo.com.mx\/index.php?rest_route=\/wp\/v2\/posts\/4174\/revisions\/4176"}],"wp:featuredmedia":[{"embeddable":true,"href":"https:\/\/encuentroinformativo.com.mx\/index.php?rest_route=\/wp\/v2\/media\/4175"}],"wp:attachment":[{"href":"https:\/\/encuentroinformativo.com.mx\/index.php?rest_route=%2Fwp%2Fv2%2Fmedia&parent=4174"}],"wp:term":[{"taxonomy":"category","embeddable":true,"href":"https:\/\/encuentroinformativo.com.mx\/index.php?rest_route=%2Fwp%2Fv2%2Fcategories&post=4174"},{"taxonomy":"post_tag","embeddable":true,"href":"https:\/\/encuentroinformativo.com.mx\/index.php?rest_route=%2Fwp%2Fv2%2Ftags&post=4174"}],"curies":[{"name":"wp","href":"https:\/\/api.w.org\/{rel}","templated":true}]}}