{"id":41742,"date":"2023-06-10T16:10:27","date_gmt":"2023-06-10T22:10:27","guid":{"rendered":"https:\/\/encuentroinformativo.com.mx\/?p=41742"},"modified":"2023-06-10T16:10:31","modified_gmt":"2023-06-10T22:10:31","slug":"justifica-ceapp-criticas-a-medios-de-comunicacion","status":"publish","type":"post","link":"https:\/\/encuentroinformativo.com.mx\/?p=41742","title":{"rendered":"Justifica CEAPP cr\u00edticas a medios de comunicaci\u00f3n"},"content":{"rendered":"\n<p><strong>Dar\u00edo Pale <\/strong><\/p>\n\n\n\n<p>Xalapa, Ver.- El gobernador del estado Cuitl\u00e1huac Garc\u00eda Jim\u00e9nez tambi\u00e9n hace uso de su derecho de r\u00e9plica y eso no implica que censure o criminalice a los medios de comunicaci\u00f3n, as\u00ed lo se\u00f1al\u00f3 el secretario ejecutivo de la CEAPP, Israel Hern\u00e1ndez Sosa.<\/p>\n\n\n\n<p>En entrevista coment\u00f3 \u00a0que, \u201crecurrentemente lo que hace el gobernador es ejercer libertad de expresi\u00f3n, lo que ocurre tambien es que no les gusta a los medios; es un di\u00e1logo de ida y vuelta. Y los medios no est\u00e1n acostumbrados a que se les critique\u201d.<\/p>\n\n\n\n<p>Incluso, aseguro, hay empresas de medios de comunicaci\u00f3n que s\u00f3lo consignan la nota, y otros usan un criterio editorial por un inter\u00e9s particular.<\/p>\n\n\n\n<p>\u201cNosotros hemos analizado jur\u00eddicamente y es verdad, en un par de ocasiones, ha recurrido en alg\u00fan tipo de estigmatizaci\u00f3n de los medios de comunicaci\u00f3n por su labor; tan es as\u00ed que le hemos emitido un par de exhortos por este tipo de estigma que se puede dar\u201d, se\u00f1al\u00f3.<\/p>\n\n\n\n<p>Coment\u00f3 que cuando algo de lo que se dice \u00a0pone en riesgo a los medios de comunicaci\u00f3n, ellos intervienen y le piden evitar algunos comentarios contra reporteros, \u201cah\u00ed si logramos intervenir, sea el gobernador o un secretario de despacho\u201d.<\/p>\n\n\n\n<p>Por \u00faltimo el funcionario de la Ceapp reconoci\u00f3 que desde la Presidencia de la Rep\u00fablica se maneja un mensaje que es hostil hacia los medios de comunicaci\u00f3n, por lo que la CEAP, ha analizado el discurso del gobernador Cuitl\u00e1huac Garc\u00eda Jim\u00e9nez que constantemente responsabiliza a los medios de comunicaci\u00f3n de difundir notas de 8 columnas con encabezados amarillistas, con los que dan a conocer hechos de violencia.<\/p>\n","protected":false},"excerpt":{"rendered":"<p>Dar\u00edo Pale Xalapa, Ver.- El gobernador del estado Cuitl\u00e1huac Garc\u00eda Jim\u00e9nez tambi\u00e9n hace uso de su derecho de r\u00e9plica y eso no implica que censure o criminalice a los medios de comunicaci\u00f3n, as\u00ed lo se\u00f1al\u00f3 el secretario ejecutivo de la CEAPP, Israel Hern\u00e1ndez Sosa. En entrevista coment\u00f3 \u00a0que, \u201crecurrentemente lo que hace el gobernador es [&hellip;]<\/p>\n","protected":false},"author":2476,"featured_media":41743,"comment_status":"open","ping_status":"open","sticky":false,"template":"","format":"standard","meta":{"_jetpack_memberships_contains_paid_content":false,"footnotes":""},"categories":[2],"tags":[],"class_list":["post-41742","post","type-post","status-publish","format-standard","has-post-thumbnail","hentry","category-estado"],"jetpack_featured_media_url":"https:\/\/encuentroinformativo.com.mx\/wp-content\/uploads\/2023\/06\/IMG-20230610-WA00302.jpg","jetpack_sharing_enabled":true,"jetpack_likes_enabled":true,"amp_enabled":true,"_links":{"self":[{"href":"https:\/\/encuentroinformativo.com.mx\/index.php?rest_route=\/wp\/v2\/posts\/41742","targetHints":{"allow":["GET"]}}],"collection":[{"href":"https:\/\/encuentroinformativo.com.mx\/index.php?rest_route=\/wp\/v2\/posts"}],"about":[{"href":"https:\/\/encuentroinformativo.com.mx\/index.php?rest_route=\/wp\/v2\/types\/post"}],"author":[{"embeddable":true,"href":"https:\/\/encuentroinformativo.com.mx\/index.php?rest_route=\/wp\/v2\/users\/2476"}],"replies":[{"embeddable":true,"href":"https:\/\/encuentroinformativo.com.mx\/index.php?rest_route=%2Fwp%2Fv2%2Fcomments&post=41742"}],"version-history":[{"count":1,"href":"https:\/\/encuentroinformativo.com.mx\/index.php?rest_route=\/wp\/v2\/posts\/41742\/revisions"}],"predecessor-version":[{"id":41744,"href":"https:\/\/encuentroinformativo.com.mx\/index.php?rest_route=\/wp\/v2\/posts\/41742\/revisions\/41744"}],"wp:featuredmedia":[{"embeddable":true,"href":"https:\/\/encuentroinformativo.com.mx\/index.php?rest_route=\/wp\/v2\/media\/41743"}],"wp:attachment":[{"href":"https:\/\/encuentroinformativo.com.mx\/index.php?rest_route=%2Fwp%2Fv2%2Fmedia&parent=41742"}],"wp:term":[{"taxonomy":"category","embeddable":true,"href":"https:\/\/encuentroinformativo.com.mx\/index.php?rest_route=%2Fwp%2Fv2%2Fcategories&post=41742"},{"taxonomy":"post_tag","embeddable":true,"href":"https:\/\/encuentroinformativo.com.mx\/index.php?rest_route=%2Fwp%2Fv2%2Ftags&post=41742"}],"curies":[{"name":"wp","href":"https:\/\/api.w.org\/{rel}","templated":true}]}}