{"id":41745,"date":"2023-06-10T16:14:13","date_gmt":"2023-06-10T22:14:13","guid":{"rendered":"https:\/\/encuentroinformativo.com.mx\/?p=41745"},"modified":"2023-06-10T16:14:30","modified_gmt":"2023-06-10T22:14:30","slug":"refrendan-apoyo-a-marcelo-ebrard-rumbo-a-candidaturas","status":"publish","type":"post","link":"https:\/\/encuentroinformativo.com.mx\/?p=41745","title":{"rendered":"Refrendan apoyo a Marcelo Ebrard rumbo a candidaturas"},"content":{"rendered":"\n<p><strong>Dar\u00edo Pale<\/strong><\/p>\n\n\n\n<p>Xalapa, Ver.- El senador con licencia Primo Doth\u00e9 Mata, acompa\u00f1ado de 20 equipos ciudadanos en el estado y los integrantes de la Coordinaci\u00f3n Estatal &#8220;Con Marcelo Si&#8221;, se\u00f1alaron que, Marcelo Ebrard tiene la preferencia y es el &#8220;m\u00e1s capaz&#8221;.<\/p>\n\n\n\n<p>En conferencia de prensa se pronunciaron porque sea el secretario de Relaciones Exteriores, Marcelo Ebrard Casaub\u00f3n, el candidato de Morena a la presidencia de la Rep\u00fablica y que de acuerdo con los datos que han pedido &#8220;fr\u00edos y realistas&#8221; est\u00e1n 3 por ciento arriba a nivel nacional con preferencia a Marcelo Ebrard y con 17 entidades a favor y 15 con empates t\u00e9cnicos.<\/p>\n\n\n\n<p>Sobre el apoyo que algunos gobiernos estatales han mostrado a favor de otros aspirantes a la candidatura, refiri\u00f3 que la poblaci\u00f3n sabe que &#8220;el m\u00e1s talentoso, capaz, preparado, de mejores tablas y el id\u00f3neo es Marcelo Ebrard&#8221; lo que se debe enfocar para ganar la encuesta.<\/p>\n\n\n\n<p>&#8220;Estamos enfilados y creemos que podemos y que vamos a ganar la encuesta (&#8230;) Esto no es votaci\u00f3n, \u00a0es encuesta, podr\u00e1n decir &#8216;ya nos arreglamos con tal sindicato o tal l\u00edder&#8217;, pero adem\u00e1s si logran esa parte ese sindicato puede ser el 5 por ciento de la poblaci\u00f3n y la encuesta es en general, pero creo que no van a encuestar a las bardas sino a las personas&#8221;, se\u00f1al\u00f3.<br><\/p>\n\n\n\n<p>Record\u00f3 que los lineamientos de la encuesta por parte del Consejo Pol\u00edtico con la que se definir\u00e1 la candidatura se dar\u00e1 a conocer ma\u00f1ana por parte Morena tras la reuni\u00f3n que se realizar\u00e1 a las 17:00 horas.<\/p>\n\n\n\n<p>&#8220;Depende de las y los consejeros la decisi\u00f3n que tomen y que haya debate, hay quienes se niegan al debate, este debate sobre la necesidad del debate lo discutimos en el pa\u00eds en 1992-1993, esperamos que no solamente en el consejo sino ante la ciudadan\u00eda haya debate y se tenga claridad&#8221;.<\/p>\n\n\n\n<p>Agreg\u00f3 que la responsabilidad y acuerdo entre los morenistas es que haya unidad independientemente de quien resulte beneficiado en la encuesta cuyos t\u00e9rminos se decidir\u00e1n ma\u00f1ana.<\/p>\n\n\n\n<p>El diputado local Fernando Arteaga Aponte, dijo que trabajar\u00e1n en tierra casa por casa tratando de convencer a la ciudadan\u00eda de que la mejor opci\u00f3n en estos momentos por parte de Morena es &#8220;el amigo, el carnal, Marcelo Ebrard&#8221;.<\/p>\n","protected":false},"excerpt":{"rendered":"<p>Dar\u00edo Pale Xalapa, Ver.- El senador con licencia Primo Doth\u00e9 Mata, acompa\u00f1ado de 20 equipos ciudadanos en el estado y los integrantes de la Coordinaci\u00f3n Estatal &#8220;Con Marcelo Si&#8221;, se\u00f1alaron que, Marcelo Ebrard tiene la preferencia y es el &#8220;m\u00e1s capaz&#8221;. En conferencia de prensa se pronunciaron porque sea el secretario de Relaciones Exteriores, Marcelo [&hellip;]<\/p>\n","protected":false},"author":2476,"featured_media":41746,"comment_status":"open","ping_status":"open","sticky":false,"template":"","format":"standard","meta":{"_jetpack_memberships_contains_paid_content":false,"footnotes":""},"categories":[2],"tags":[],"class_list":["post-41745","post","type-post","status-publish","format-standard","has-post-thumbnail","hentry","category-estado"],"jetpack_featured_media_url":"https:\/\/encuentroinformativo.com.mx\/wp-content\/uploads\/2023\/06\/IMG-20230610-WA0026.jpg","jetpack_sharing_enabled":true,"jetpack_likes_enabled":true,"amp_enabled":true,"_links":{"self":[{"href":"https:\/\/encuentroinformativo.com.mx\/index.php?rest_route=\/wp\/v2\/posts\/41745","targetHints":{"allow":["GET"]}}],"collection":[{"href":"https:\/\/encuentroinformativo.com.mx\/index.php?rest_route=\/wp\/v2\/posts"}],"about":[{"href":"https:\/\/encuentroinformativo.com.mx\/index.php?rest_route=\/wp\/v2\/types\/post"}],"author":[{"embeddable":true,"href":"https:\/\/encuentroinformativo.com.mx\/index.php?rest_route=\/wp\/v2\/users\/2476"}],"replies":[{"embeddable":true,"href":"https:\/\/encuentroinformativo.com.mx\/index.php?rest_route=%2Fwp%2Fv2%2Fcomments&post=41745"}],"version-history":[{"count":1,"href":"https:\/\/encuentroinformativo.com.mx\/index.php?rest_route=\/wp\/v2\/posts\/41745\/revisions"}],"predecessor-version":[{"id":41747,"href":"https:\/\/encuentroinformativo.com.mx\/index.php?rest_route=\/wp\/v2\/posts\/41745\/revisions\/41747"}],"wp:featuredmedia":[{"embeddable":true,"href":"https:\/\/encuentroinformativo.com.mx\/index.php?rest_route=\/wp\/v2\/media\/41746"}],"wp:attachment":[{"href":"https:\/\/encuentroinformativo.com.mx\/index.php?rest_route=%2Fwp%2Fv2%2Fmedia&parent=41745"}],"wp:term":[{"taxonomy":"category","embeddable":true,"href":"https:\/\/encuentroinformativo.com.mx\/index.php?rest_route=%2Fwp%2Fv2%2Fcategories&post=41745"},{"taxonomy":"post_tag","embeddable":true,"href":"https:\/\/encuentroinformativo.com.mx\/index.php?rest_route=%2Fwp%2Fv2%2Ftags&post=41745"}],"curies":[{"name":"wp","href":"https:\/\/api.w.org\/{rel}","templated":true}]}}