{"id":41748,"date":"2023-06-10T22:31:51","date_gmt":"2023-06-11T04:31:51","guid":{"rendered":"https:\/\/encuentroinformativo.com.mx\/?p=41748"},"modified":"2023-06-10T22:31:55","modified_gmt":"2023-06-11T04:31:55","slug":"reconoce-alcalde-juan-manuel-unanue-labor-de-periodistas-del-estado-de-veracruz","status":"publish","type":"post","link":"https:\/\/encuentroinformativo.com.mx\/?p=41748","title":{"rendered":"Reconoce Alcalde Juan Manuel Un\u00e1nue labor de periodistas del Estado de Veracruz"},"content":{"rendered":"\n<p><strong>*<em>En el marco del D\u00eda de la Libertad de Expresi\u00f3n, el Alcalde destac\u00f3 el desempe\u00f1o y trayectoria de los integrantes de la Asociaci\u00f3n de Periodistas Independientes del Estado de Veracruz<\/em>.<\/strong><\/p>\n\n\n\n<p>Boca del R\u00edo, Ver.- En el marco del D\u00eda de la Libertad de Expresi\u00f3n, el Alcalde de Boca del R\u00edo, Juan Manuel Un\u00e1nue Abascal, encabez\u00f3 la entrega anual de reconocimientos a los periodistas del Estado de Veracruz.<\/p>\n\n\n\n<p>Con su anfitrion\u00eda, el edil boque\u00f1o les dio la bienvenida al Palacio Municipal a todos los integrantes de la Asociaci\u00f3n de Periodistas Independientes del Estado de Veracruz, resaltando su compromiso y trabajo informativo, un referente para todo Veracruz.<\/p>\n\n\n\n<p>\u201cEl derecho a expresar y difundir, buscar, recibir y compartir informaci\u00f3n e ideas sin miedo ni injerencias es esencial para nuestra sociedad, para desarrollamos como personas y para ayudar a nuestras comunidades\u201d, destac\u00f3 el Alcalde.<\/p>\n\n\n\n<p>Un\u00e1nue Abascal enfatiz\u00f3 que desde su gobierno se ha implementado una pol\u00edtica de puertas abiertas en la que se transparentan todos los programas y acciones, lo que permite a la poblaci\u00f3n participar de manera activa en las din\u00e1micas de gobierno.<\/p>\n\n\n\n<p>Comparti\u00f3 que en la administraci\u00f3n municipal se tiene claro que un gobierno puede dar mejores resultados si se logra escuchar con atenci\u00f3n lo que sucede fuera del Palacio Municipal, y es as\u00ed como se est\u00e1 logrando.<\/p>\n\n\n\n<p>Frente a los profesionales del periodismo agradeci\u00f3 el acompa\u00f1amiento y la cr\u00edtica constructiva de los medios de comunicaci\u00f3n como parte de la din\u00e1mica del ejercicio period\u00edstico, en la que la retroalimentaci\u00f3n es necesaria para lograr m\u00e1s desde la responsabilidad municipal.<\/p>\n\n\n\n<p>Por su parte, Dar\u00edo Vichy, L\u00f3pez, Presidente de la Asociaci\u00f3n de Periodistas Independientes del Estado de Veracruz, reconoci\u00f3 el trabajo del Alcalde de Boca del R\u00edo, as\u00ed como su recibimiento al coraz\u00f3n de boca.<\/p>\n\n\n\n<p>\u201cEn las \u00faltimas semanas hemos recogido inquietudes de los habitantes y queremos decirles que lo que nos manifiestan es que el alcalde que tiene Boca del R\u00edo es un se\u00f1or\u00f3n, el municipio suena muy fuerte en diferentes partes, no tan solo en el Estado, y no solo por sus playas, sino por la gesti\u00f3n sencilla y honesta del Alcalde Juan Manuel Un\u00e1nue Abascal, lo comprobamos y lo hacemos p\u00fablico como periodistas\u201d, destac\u00f3.<\/p>\n\n\n\n<p>Como parte de la celebraci\u00f3n, el Presidente Municipal de Boca del R\u00edo coron\u00f3 a la Reina de los Periodistas 2023, Alejandra Vel\u00e1zquez Mara\u00f1\u00f3n, adem\u00e1s de reconocer y otorgar un reconocimiento a la Reina saliente, Mariana Rojas Pimentel.<\/p>\n\n\n\n<p>Dando paso a la entrega de medallas y reconocimientos a los periodistas del Estado de Estado de Veracruz, as\u00ed como a los Medios de Comunicaci\u00f3n por sus a\u00f1os de trayectoria informando a los veracruzanos, recibi\u00e9ndolos Bertha Ahued Malpica (El Dictamen), M\u00f3nica Robles Barajas (Imagen de Veracruz), Alberto Ferr\u00e1ez Centeno (Avanradio), Baltazar Pazos G\u00f3mez (Grupo Pazos), Ignacio Reyna Carrera (Televisa Veracruz) y Notiver.<\/p>\n\n\n\n<p>Finalmente, el Alcalde Juan Manuel Un\u00e1nue Abascal, dijo que a trav\u00e9s de los medios de comunicaci\u00f3n, as\u00ed como de los profesionales de la informaci\u00f3n, Boca del R\u00edo ha sido testigo de sucesos hist\u00f3ricos en nuestro estado, pa\u00eds y en el mundo entero; resaltando que desde su gobierno se esfuerza diariamente por garantizar el desarrollo de las personas, una sociedad justa y democr\u00e1tica.<\/p>\n\n\n\n<p>Presentes estuvieron, Silverio Quevedo Elox, Presidente de la Comisi\u00f3n Estatal para la Atenci\u00f3n y Protecci\u00f3n de los Periodistas de Veracruz (CEAP); Israel Hern\u00e1ndez Sosa, Secretario Ejecutivo de la Comisi\u00f3n Estatal de Protecci\u00f3n a Periodistas (CEAPP); Patricia Gonz\u00e1lez Vargas, Comisionada de la Comisi\u00f3n Estatal de Protecci\u00f3n a Periodistas (CEAP); as\u00ed como la S\u00edndica \u00danica, Susana Galicia Tiburcio y el Director de Comunicaci\u00f3n e Imagen, Humberto Mu\u00f1oz S\u00e1nchez.<\/p>\n","protected":false},"excerpt":{"rendered":"<p>*En el marco del D\u00eda de la Libertad de Expresi\u00f3n, el Alcalde destac\u00f3 el desempe\u00f1o y trayectoria de los integrantes de la Asociaci\u00f3n de Periodistas Independientes del Estado de Veracruz. Boca del R\u00edo, Ver.- En el marco del D\u00eda de la Libertad de Expresi\u00f3n, el Alcalde de Boca del R\u00edo, Juan Manuel Un\u00e1nue Abascal, encabez\u00f3 [&hellip;]<\/p>\n","protected":false},"author":2476,"featured_media":41749,"comment_status":"open","ping_status":"open","sticky":false,"template":"","format":"standard","meta":{"_jetpack_memberships_contains_paid_content":false,"footnotes":""},"categories":[2],"tags":[],"class_list":["post-41748","post","type-post","status-publish","format-standard","has-post-thumbnail","hentry","category-estado"],"jetpack_featured_media_url":"https:\/\/encuentroinformativo.com.mx\/wp-content\/uploads\/2023\/06\/IMG-20230610-WA0061.jpg","jetpack_sharing_enabled":true,"jetpack_likes_enabled":true,"amp_enabled":true,"_links":{"self":[{"href":"https:\/\/encuentroinformativo.com.mx\/index.php?rest_route=\/wp\/v2\/posts\/41748","targetHints":{"allow":["GET"]}}],"collection":[{"href":"https:\/\/encuentroinformativo.com.mx\/index.php?rest_route=\/wp\/v2\/posts"}],"about":[{"href":"https:\/\/encuentroinformativo.com.mx\/index.php?rest_route=\/wp\/v2\/types\/post"}],"author":[{"embeddable":true,"href":"https:\/\/encuentroinformativo.com.mx\/index.php?rest_route=\/wp\/v2\/users\/2476"}],"replies":[{"embeddable":true,"href":"https:\/\/encuentroinformativo.com.mx\/index.php?rest_route=%2Fwp%2Fv2%2Fcomments&post=41748"}],"version-history":[{"count":1,"href":"https:\/\/encuentroinformativo.com.mx\/index.php?rest_route=\/wp\/v2\/posts\/41748\/revisions"}],"predecessor-version":[{"id":41750,"href":"https:\/\/encuentroinformativo.com.mx\/index.php?rest_route=\/wp\/v2\/posts\/41748\/revisions\/41750"}],"wp:featuredmedia":[{"embeddable":true,"href":"https:\/\/encuentroinformativo.com.mx\/index.php?rest_route=\/wp\/v2\/media\/41749"}],"wp:attachment":[{"href":"https:\/\/encuentroinformativo.com.mx\/index.php?rest_route=%2Fwp%2Fv2%2Fmedia&parent=41748"}],"wp:term":[{"taxonomy":"category","embeddable":true,"href":"https:\/\/encuentroinformativo.com.mx\/index.php?rest_route=%2Fwp%2Fv2%2Fcategories&post=41748"},{"taxonomy":"post_tag","embeddable":true,"href":"https:\/\/encuentroinformativo.com.mx\/index.php?rest_route=%2Fwp%2Fv2%2Ftags&post=41748"}],"curies":[{"name":"wp","href":"https:\/\/api.w.org\/{rel}","templated":true}]}}