{"id":41758,"date":"2023-06-11T15:52:26","date_gmt":"2023-06-11T21:52:26","guid":{"rendered":"https:\/\/encuentroinformativo.com.mx\/?p=41758"},"modified":"2023-06-11T15:52:30","modified_gmt":"2023-06-11T21:52:30","slug":"refuerza-fundacion-trabajos-de-conservacion-de-tortugas","status":"publish","type":"post","link":"https:\/\/encuentroinformativo.com.mx\/?p=41758","title":{"rendered":"Refuerza fundaci\u00f3n trabajos de conservaci\u00f3n de tortugas"},"content":{"rendered":"\n<p><strong>Juan Arcos <\/strong><\/p>\n\n\n\n<p>Xalapa, Ver &#8211; La Fundaci\u00f3n Y\u00e9pez contin\u00faa con actividades para la conservaci\u00f3n de tortugas marinas en el litoral de la entidad veracruzana.\u00a0De acuerdo con Ricardo Y\u00e9pez Geron, presidente de Fundaci\u00f3n Y\u00e9pez, reci\u00e9n se dio vida a los oc\u00e9anos con la reintegraci\u00f3n de cerca de 2 mil cr\u00edas de tortuga Lora.<\/p>\n\n\n\n<p>\u201cNo hay palabras suficientes para agradecerles y para decirles que su sacrificio no ha sido en vano, que cada d\u00eda somos m\u00e1s las personas buenas en este mundo que anhelamos y deseamos un mundo mejor\u201d.<\/p>\n\n\n\n<p>Esto se llev\u00f3 a cabo en el marco del D\u00eda Mundial del Medio Ambiente y D\u00eda Mundial de los Oc\u00e9anos, como parte de las acciones de conservaci\u00f3n y la promoci\u00f3n de la educaci\u00f3n ambiental.<\/p>\n\n\n\n<p>El ambientalista consider\u00f3 que la mejor manera de festejar los d\u00edas para la conservaci\u00f3n ecol\u00f3gica es dando vida a los oc\u00e9anos.<\/p>\n\n\n\n<p>A su juicio, es necesario incrementar los esfuerzos por el cuidado del medio ambiente y por los oc\u00e9anos, pues de acuerdo con la Organizaci\u00f3n de las Naciones Unidas (ONU), para el a\u00f1o 2050 habr\u00e1 m\u00e1s pl\u00e1stico que peces en el mar. <\/p>\n\n\n\n<p>\u201cQueremos felicitar a cada ecologista, ambientalista, activista, voluntario, organizaciones, empresas socialmente responsables y gobiernos de todos los niveles que aportan desde sus trincheras un granito de arena\u201d, expres\u00f3.<\/p>\n\n\n\n<p>Finalmente, agradeci\u00f3 a todos los compa\u00f1eros que han sido asesinados en todo el mundo solo por esforzarse en cuidar los ecosistemas, bosques, r\u00edos, manglares y oc\u00e9anos.<\/p>\n","protected":false},"excerpt":{"rendered":"<p>Juan Arcos Xalapa, Ver &#8211; La Fundaci\u00f3n Y\u00e9pez contin\u00faa con actividades para la conservaci\u00f3n de tortugas marinas en el litoral de la entidad veracruzana.\u00a0De acuerdo con Ricardo Y\u00e9pez Geron, presidente de Fundaci\u00f3n Y\u00e9pez, reci\u00e9n se dio vida a los oc\u00e9anos con la reintegraci\u00f3n de cerca de 2 mil cr\u00edas de tortuga Lora. \u201cNo hay palabras [&hellip;]<\/p>\n","protected":false},"author":2476,"featured_media":41759,"comment_status":"open","ping_status":"open","sticky":false,"template":"","format":"standard","meta":{"_jetpack_memberships_contains_paid_content":false,"footnotes":""},"categories":[2],"tags":[],"class_list":["post-41758","post","type-post","status-publish","format-standard","has-post-thumbnail","hentry","category-estado"],"jetpack_featured_media_url":"https:\/\/encuentroinformativo.com.mx\/wp-content\/uploads\/2023\/06\/IMG_5474.jpg","jetpack_sharing_enabled":true,"jetpack_likes_enabled":true,"amp_enabled":true,"_links":{"self":[{"href":"https:\/\/encuentroinformativo.com.mx\/index.php?rest_route=\/wp\/v2\/posts\/41758","targetHints":{"allow":["GET"]}}],"collection":[{"href":"https:\/\/encuentroinformativo.com.mx\/index.php?rest_route=\/wp\/v2\/posts"}],"about":[{"href":"https:\/\/encuentroinformativo.com.mx\/index.php?rest_route=\/wp\/v2\/types\/post"}],"author":[{"embeddable":true,"href":"https:\/\/encuentroinformativo.com.mx\/index.php?rest_route=\/wp\/v2\/users\/2476"}],"replies":[{"embeddable":true,"href":"https:\/\/encuentroinformativo.com.mx\/index.php?rest_route=%2Fwp%2Fv2%2Fcomments&post=41758"}],"version-history":[{"count":1,"href":"https:\/\/encuentroinformativo.com.mx\/index.php?rest_route=\/wp\/v2\/posts\/41758\/revisions"}],"predecessor-version":[{"id":41760,"href":"https:\/\/encuentroinformativo.com.mx\/index.php?rest_route=\/wp\/v2\/posts\/41758\/revisions\/41760"}],"wp:featuredmedia":[{"embeddable":true,"href":"https:\/\/encuentroinformativo.com.mx\/index.php?rest_route=\/wp\/v2\/media\/41759"}],"wp:attachment":[{"href":"https:\/\/encuentroinformativo.com.mx\/index.php?rest_route=%2Fwp%2Fv2%2Fmedia&parent=41758"}],"wp:term":[{"taxonomy":"category","embeddable":true,"href":"https:\/\/encuentroinformativo.com.mx\/index.php?rest_route=%2Fwp%2Fv2%2Fcategories&post=41758"},{"taxonomy":"post_tag","embeddable":true,"href":"https:\/\/encuentroinformativo.com.mx\/index.php?rest_route=%2Fwp%2Fv2%2Ftags&post=41758"}],"curies":[{"name":"wp","href":"https:\/\/api.w.org\/{rel}","templated":true}]}}