{"id":41761,"date":"2023-06-12T09:32:10","date_gmt":"2023-06-12T15:32:10","guid":{"rendered":"https:\/\/encuentroinformativo.com.mx\/?p=41761"},"modified":"2023-06-12T09:32:14","modified_gmt":"2023-06-12T15:32:14","slug":"en-la-sev-padres-reclaman-maestros-para-telesecundaria-en-altotonga","status":"publish","type":"post","link":"https:\/\/encuentroinformativo.com.mx\/?p=41761","title":{"rendered":"En la SEV, padres reclaman maestros para telesecundaria en Altotonga"},"content":{"rendered":"\n<p><strong>Dar\u00edo Pale <\/strong><\/p>\n\n\n\n<p>Xalapa, Ver.- Padres de familia de la comunidad Ignacio Zaragoza del municipio de Altotonga se manifestaron tomando las instalaciones de la Secretaria de Educaci\u00f3n de Veracruz (SEV), para solicitar un maestro para la Telesecundaria &#8220;Fernando Montes de Oca&#8221;, ya que hab\u00edan solicitado uno y solo les mandaron un interino el cual ya se retir\u00f3 y no les han cumplido.<\/p>\n\n\n\n<p>Entrevistada durante la manifestaci\u00f3n la presidenta de la sociedad de padres de familia, Anayeli Morales Demetrio dio a conocer que ya hab\u00eda una maestra a cargo del grupo pero era un &#8220;total desorden&#8221; por lo que pidieron su cambio vinieron a la subdirecci\u00f3n a solicitarlo pero solo les mandaron a un interino por lo que al cumplir su periodo se retir\u00f3.<\/p>\n\n\n\n<p>El sindicato del SNTE, fue y les prometieron un maestro que llegar\u00eda a finales de mayo o a principios de junio y es la fecha en que no llega por lo que decidieron venir a las instalaciones de la SEV a exigirles una respuesta.<\/p>\n\n\n\n<p>Ya han metido varios oficios y no les han hecho caso por lo decidieron el d\u00eda de hoy \u00a0venir a tomas las instalaciones de la SEV para que les den una pronta respuesta ya que sus hijos no pueden estar sin tomar clases y ah\u00ed estar\u00e1n hasta que los reciban y des den una soluci\u00f3n.<\/p>\n\n\n\n<figure class=\"wp-block-image size-large\"><img loading=\"lazy\" decoding=\"async\" width=\"1024\" height=\"576\" src=\"https:\/\/encuentroinformativo.com.mx\/wp-content\/uploads\/2023\/06\/IMG-20230612-WA0009-1024x576.jpg\" alt=\"\" class=\"wp-image-41763\" srcset=\"https:\/\/encuentroinformativo.com.mx\/wp-content\/uploads\/2023\/06\/IMG-20230612-WA0009-1024x576.jpg 1024w, https:\/\/encuentroinformativo.com.mx\/wp-content\/uploads\/2023\/06\/IMG-20230612-WA0009-300x169.jpg 300w, https:\/\/encuentroinformativo.com.mx\/wp-content\/uploads\/2023\/06\/IMG-20230612-WA0009-768x432.jpg 768w, https:\/\/encuentroinformativo.com.mx\/wp-content\/uploads\/2023\/06\/IMG-20230612-WA0009.jpg 1280w\" sizes=\"auto, (max-width: 1024px) 100vw, 1024px\" \/><\/figure>\n","protected":false},"excerpt":{"rendered":"<p>Dar\u00edo Pale Xalapa, Ver.- Padres de familia de la comunidad Ignacio Zaragoza del municipio de Altotonga se manifestaron tomando las instalaciones de la Secretaria de Educaci\u00f3n de Veracruz (SEV), para solicitar un maestro para la Telesecundaria &#8220;Fernando Montes de Oca&#8221;, ya que hab\u00edan solicitado uno y solo les mandaron un interino el cual ya se [&hellip;]<\/p>\n","protected":false},"author":2476,"featured_media":41762,"comment_status":"open","ping_status":"open","sticky":false,"template":"","format":"standard","meta":{"_jetpack_memberships_contains_paid_content":false,"footnotes":""},"categories":[8],"tags":[],"class_list":["post-41761","post","type-post","status-publish","format-standard","has-post-thumbnail","hentry","category-region"],"jetpack_featured_media_url":"https:\/\/encuentroinformativo.com.mx\/wp-content\/uploads\/2023\/06\/IMG-20230612-WA0008.jpg","jetpack_sharing_enabled":true,"jetpack_likes_enabled":true,"amp_enabled":true,"_links":{"self":[{"href":"https:\/\/encuentroinformativo.com.mx\/index.php?rest_route=\/wp\/v2\/posts\/41761","targetHints":{"allow":["GET"]}}],"collection":[{"href":"https:\/\/encuentroinformativo.com.mx\/index.php?rest_route=\/wp\/v2\/posts"}],"about":[{"href":"https:\/\/encuentroinformativo.com.mx\/index.php?rest_route=\/wp\/v2\/types\/post"}],"author":[{"embeddable":true,"href":"https:\/\/encuentroinformativo.com.mx\/index.php?rest_route=\/wp\/v2\/users\/2476"}],"replies":[{"embeddable":true,"href":"https:\/\/encuentroinformativo.com.mx\/index.php?rest_route=%2Fwp%2Fv2%2Fcomments&post=41761"}],"version-history":[{"count":1,"href":"https:\/\/encuentroinformativo.com.mx\/index.php?rest_route=\/wp\/v2\/posts\/41761\/revisions"}],"predecessor-version":[{"id":41764,"href":"https:\/\/encuentroinformativo.com.mx\/index.php?rest_route=\/wp\/v2\/posts\/41761\/revisions\/41764"}],"wp:featuredmedia":[{"embeddable":true,"href":"https:\/\/encuentroinformativo.com.mx\/index.php?rest_route=\/wp\/v2\/media\/41762"}],"wp:attachment":[{"href":"https:\/\/encuentroinformativo.com.mx\/index.php?rest_route=%2Fwp%2Fv2%2Fmedia&parent=41761"}],"wp:term":[{"taxonomy":"category","embeddable":true,"href":"https:\/\/encuentroinformativo.com.mx\/index.php?rest_route=%2Fwp%2Fv2%2Fcategories&post=41761"},{"taxonomy":"post_tag","embeddable":true,"href":"https:\/\/encuentroinformativo.com.mx\/index.php?rest_route=%2Fwp%2Fv2%2Ftags&post=41761"}],"curies":[{"name":"wp","href":"https:\/\/api.w.org\/{rel}","templated":true}]}}