{"id":41765,"date":"2023-06-12T11:35:33","date_gmt":"2023-06-12T17:35:33","guid":{"rendered":"https:\/\/encuentroinformativo.com.mx\/?p=41765"},"modified":"2023-06-12T11:35:37","modified_gmt":"2023-06-12T17:35:37","slug":"sectur-si-pondra-un-concierto-masivo-mas-para-carnaval-de-veracruz-2023","status":"publish","type":"post","link":"https:\/\/encuentroinformativo.com.mx\/?p=41765","title":{"rendered":"SECTUR s\u00ed pondr\u00e1 un concierto masivo m\u00e1s para Carnaval de Veracruz 2023"},"content":{"rendered":"\n<p><strong>Alejandro \u00c1vila<\/strong><\/p>\n\n\n\n<p>Boca del R\u00edo, Ver.- El secretario de Turismo, Iv\u00e1n Francisco Mart\u00ednez Olvera, confirm\u00f3 que la Secretar\u00eda de Turismo aportar\u00e1 un artista m\u00e1s para los conciertos masivos del carnaval de Veracruz 2023.<\/p>\n\n\n\n<p>En breve entrevista se\u00f1al\u00f3 que, como la organizaci\u00f3n corre a cargo del Ayuntamiento de Veracruz, la tarde de este lunes ultimar\u00e1n detalles para confirmar de que manera se dar\u00e1 conocer el \u00faltimo artista que ofrecer\u00e1 concierto durante las fiestas carnestolendas.<\/p>\n\n\n\n<p>&#8220;Ya, ya est\u00e1 concretado, ya est\u00e1 todo pactado con el municipio, ya se present\u00f3 la propuesta y todo eso, nosotros como bien dice el gobernador, nosotros apoyamos y respaldamos, pero por supuesto que es administraci\u00f3n general del municipio, nosotros somos muy respetuosos, vamos a ponernos de acuerdo si lo anuncia la alcaldesa o lo hacemos en conjunto o lo anuncia un servidor. Ya est\u00e1 listo, yo creo que hoy por la tarde estar\u00e9 platicando con ella, ya veremos como lo anunciamos&#8221;, se\u00f1al\u00f3.<\/p>\n\n\n\n<p>Iv\u00e1n Francisco Mart\u00ednez Olvera record\u00f3 que el apoyo m\u00e1s importante que da el Gobierno de Veracruz para el Carnaval, es con respecto a la seguridad, la protecci\u00f3n civil y los servicios de salud.<\/p>\n\n\n\n<p>&#8220;Es lo m\u00e1s destacable, realmente el compromiso del Gobierno del Estado por generar eventos bien organizados y tranquilos y sumarse a la administraci\u00f3n municipal es muy importante. Pero bueno, vamos a complementar tambi\u00e9n con un espect\u00e1culo (\u2026) yo creo que estaremos platicando con la alcaldesa el d\u00eda de hoy y ya lo determinaremos en esta semana&#8221;, culmin\u00f3.<\/p>\n","protected":false},"excerpt":{"rendered":"<p>Alejandro \u00c1vila Boca del R\u00edo, Ver.- El secretario de Turismo, Iv\u00e1n Francisco Mart\u00ednez Olvera, confirm\u00f3 que la Secretar\u00eda de Turismo aportar\u00e1 un artista m\u00e1s para los conciertos masivos del carnaval de Veracruz 2023. En breve entrevista se\u00f1al\u00f3 que, como la organizaci\u00f3n corre a cargo del Ayuntamiento de Veracruz, la tarde de este lunes ultimar\u00e1n detalles [&hellip;]<\/p>\n","protected":false},"author":2476,"featured_media":41766,"comment_status":"open","ping_status":"open","sticky":false,"template":"","format":"standard","meta":{"_jetpack_memberships_contains_paid_content":false,"footnotes":""},"categories":[2],"tags":[],"class_list":["post-41765","post","type-post","status-publish","format-standard","has-post-thumbnail","hentry","category-estado"],"jetpack_featured_media_url":"https:\/\/encuentroinformativo.com.mx\/wp-content\/uploads\/2023\/06\/IMG-20230612-WA0040.jpg","jetpack_sharing_enabled":true,"jetpack_likes_enabled":true,"amp_enabled":true,"_links":{"self":[{"href":"https:\/\/encuentroinformativo.com.mx\/index.php?rest_route=\/wp\/v2\/posts\/41765","targetHints":{"allow":["GET"]}}],"collection":[{"href":"https:\/\/encuentroinformativo.com.mx\/index.php?rest_route=\/wp\/v2\/posts"}],"about":[{"href":"https:\/\/encuentroinformativo.com.mx\/index.php?rest_route=\/wp\/v2\/types\/post"}],"author":[{"embeddable":true,"href":"https:\/\/encuentroinformativo.com.mx\/index.php?rest_route=\/wp\/v2\/users\/2476"}],"replies":[{"embeddable":true,"href":"https:\/\/encuentroinformativo.com.mx\/index.php?rest_route=%2Fwp%2Fv2%2Fcomments&post=41765"}],"version-history":[{"count":1,"href":"https:\/\/encuentroinformativo.com.mx\/index.php?rest_route=\/wp\/v2\/posts\/41765\/revisions"}],"predecessor-version":[{"id":41767,"href":"https:\/\/encuentroinformativo.com.mx\/index.php?rest_route=\/wp\/v2\/posts\/41765\/revisions\/41767"}],"wp:featuredmedia":[{"embeddable":true,"href":"https:\/\/encuentroinformativo.com.mx\/index.php?rest_route=\/wp\/v2\/media\/41766"}],"wp:attachment":[{"href":"https:\/\/encuentroinformativo.com.mx\/index.php?rest_route=%2Fwp%2Fv2%2Fmedia&parent=41765"}],"wp:term":[{"taxonomy":"category","embeddable":true,"href":"https:\/\/encuentroinformativo.com.mx\/index.php?rest_route=%2Fwp%2Fv2%2Fcategories&post=41765"},{"taxonomy":"post_tag","embeddable":true,"href":"https:\/\/encuentroinformativo.com.mx\/index.php?rest_route=%2Fwp%2Fv2%2Ftags&post=41765"}],"curies":[{"name":"wp","href":"https:\/\/api.w.org\/{rel}","templated":true}]}}