{"id":41768,"date":"2023-06-12T11:51:16","date_gmt":"2023-06-12T17:51:16","guid":{"rendered":"https:\/\/encuentroinformativo.com.mx\/?p=41768"},"modified":"2023-06-12T11:51:20","modified_gmt":"2023-06-12T17:51:20","slug":"anuncian-expo-flor-y-miel-2023","status":"publish","type":"post","link":"https:\/\/encuentroinformativo.com.mx\/?p=41768","title":{"rendered":"Anuncian Expo Flor y Miel 2023"},"content":{"rendered":"\n<p><strong>Dar\u00edo Pale <\/strong><\/p>\n\n\n\n<p>Xalapa, Ver.- Invitan a la ciudadan\u00eda para que asista a la segunda edici\u00f3n de la Expo Flor y Miel 2023 la cual se realizar\u00e1 del 15 al 18 de junio en el Paseo de Los Lagos.<\/p>\n\n\n\n<p>Con dicho evento se busca apoyar la econom\u00eda regional, mediante la venta directa de productos del campo, recuperar espacios p\u00fablicos y propiciar la convivencia familiar.<\/p>\n\n\n\n<p>La Secretar\u00eda de Desarrollo Agropecuario, Rural y Pesca (SEDARPA) en coordinaci\u00f3n con el Ayuntamiento de Xalapa, en el Paseo de Los Lagos realizar\u00e1n la segunda Expo flor y Miel donde participar\u00e1n m\u00e1s de 60 floricultores y apicultores veracruzanos, del 15 al 18 de junio exhibiendo y comercializando sus productos.<\/p>\n\n\n\n<p>El prop\u00f3sito de esta expo es apoyar la econom\u00eda regional, mediante la venta directa de productos del campo, recuperar espacios p\u00fablicos y propiciar la convivencia familiar.<\/p>\n\n\n\n<p>Lo anterior lo dio a conocer Wenceslao Gonz\u00e1lez Mart\u00ednez, director general de Agronegocios de la SEDARPA, quien inform\u00f3 que conjuntamente con el Regidor Quinto Diego David Florescano P\u00e9rez se organiza este evento, en donde tambi\u00e9n habr\u00e1 talleres gratuitos sobre el manejo y cuidado de orqu\u00eddeas y bons\u00e1is, elaboraci\u00f3n de macetas con fibra de coco, actividades culturales y art\u00edsticas, entre otras actividades para toda la familia.<\/p>\n\n\n\n<p>En esta segunda edici\u00f3n de la <strong>Expo Flor y Miel Xalapa 2023,<\/strong> se espera superar las ventas alcanzadas el a\u00f1o pasado en donde los productores obtuvieron ingresos por m\u00e1s de 450 mil pesos.\u00a0<\/p>\n\n\n\n<p>El regidor quinto del ayuntamiento de Xalapa Diego Florescano P\u00e9rez dio a conocer que, la inauguraci\u00f3n es el d\u00eda 15, el d\u00eda 16 Inicia el programa art\u00edstico ya que a las 8 de la noche llegan todos los sonideros de Xalapa.<\/p>\n\n\n\n<p>Record\u00f3 que son m\u00e1s de 60 expositores de Xalapa, Coatepec, Teocelo, Fort\u00edn de las flores entre otros municipios, donde habr\u00e1 plantas desde los 10 pesos hasta los que cuestan m\u00e1s de 10 mil.<\/p>\n","protected":false},"excerpt":{"rendered":"<p>Dar\u00edo Pale Xalapa, Ver.- Invitan a la ciudadan\u00eda para que asista a la segunda edici\u00f3n de la Expo Flor y Miel 2023 la cual se realizar\u00e1 del 15 al 18 de junio en el Paseo de Los Lagos. Con dicho evento se busca apoyar la econom\u00eda regional, mediante la venta directa de productos del campo, [&hellip;]<\/p>\n","protected":false},"author":2476,"featured_media":41769,"comment_status":"open","ping_status":"open","sticky":false,"template":"","format":"standard","meta":{"_jetpack_memberships_contains_paid_content":false,"footnotes":""},"categories":[3],"tags":[],"class_list":["post-41768","post","type-post","status-publish","format-standard","has-post-thumbnail","hentry","category-xalapa"],"jetpack_featured_media_url":"https:\/\/encuentroinformativo.com.mx\/wp-content\/uploads\/2023\/06\/Photo_1686591914441.jpg","jetpack_sharing_enabled":true,"jetpack_likes_enabled":true,"amp_enabled":true,"_links":{"self":[{"href":"https:\/\/encuentroinformativo.com.mx\/index.php?rest_route=\/wp\/v2\/posts\/41768","targetHints":{"allow":["GET"]}}],"collection":[{"href":"https:\/\/encuentroinformativo.com.mx\/index.php?rest_route=\/wp\/v2\/posts"}],"about":[{"href":"https:\/\/encuentroinformativo.com.mx\/index.php?rest_route=\/wp\/v2\/types\/post"}],"author":[{"embeddable":true,"href":"https:\/\/encuentroinformativo.com.mx\/index.php?rest_route=\/wp\/v2\/users\/2476"}],"replies":[{"embeddable":true,"href":"https:\/\/encuentroinformativo.com.mx\/index.php?rest_route=%2Fwp%2Fv2%2Fcomments&post=41768"}],"version-history":[{"count":1,"href":"https:\/\/encuentroinformativo.com.mx\/index.php?rest_route=\/wp\/v2\/posts\/41768\/revisions"}],"predecessor-version":[{"id":41770,"href":"https:\/\/encuentroinformativo.com.mx\/index.php?rest_route=\/wp\/v2\/posts\/41768\/revisions\/41770"}],"wp:featuredmedia":[{"embeddable":true,"href":"https:\/\/encuentroinformativo.com.mx\/index.php?rest_route=\/wp\/v2\/media\/41769"}],"wp:attachment":[{"href":"https:\/\/encuentroinformativo.com.mx\/index.php?rest_route=%2Fwp%2Fv2%2Fmedia&parent=41768"}],"wp:term":[{"taxonomy":"category","embeddable":true,"href":"https:\/\/encuentroinformativo.com.mx\/index.php?rest_route=%2Fwp%2Fv2%2Fcategories&post=41768"},{"taxonomy":"post_tag","embeddable":true,"href":"https:\/\/encuentroinformativo.com.mx\/index.php?rest_route=%2Fwp%2Fv2%2Ftags&post=41768"}],"curies":[{"name":"wp","href":"https:\/\/api.w.org\/{rel}","templated":true}]}}