{"id":4177,"date":"2020-07-16T14:35:16","date_gmt":"2020-07-16T19:35:16","guid":{"rendered":"https:\/\/encuentroinformativo.com\/?p=4177"},"modified":"2020-07-16T14:35:18","modified_gmt":"2020-07-16T19:35:18","slug":"pobladores-reclaman-servicio-de-agua-en-las-vigas-retienen-al-alcalde","status":"publish","type":"post","link":"https:\/\/encuentroinformativo.com.mx\/?p=4177","title":{"rendered":"Pobladores reclaman servicio de agua en Las Vigas; retienen al alcalde"},"content":{"rendered":"\n<p><strong>Juan Arcos <\/strong><\/p>\n\n\n\n<p>Xalapa, Ver.- Pobladores del municipio de Las Vigas de Ram\u00edrez retuvieron al alcalde Alejandro Lino Cruz Romero, debido a que llevan seis meses sin el servicio de agua potable.<\/p>\n\n\n\n<p>Los manifestantes denunciaron que el problema es grave por la pandemia del SARS-COV-2 (COVID-19), pues el higiene personal es esencial para evitar contagios.<\/p>\n\n\n\n<p>Mencionaron que solo reciben agua en sus hogares por cuatro horas cada ocho d\u00edas, desde enero pasado.<\/p>\n\n\n\n<p>Adem\u00e1s, si solicitan el l\u00edquido a las pipas les cobran entre 300 y 500 pesos por el suministro.<\/p>\n\n\n\n<p>Por ello, afuera del Palacio Municipal encararon al Alcalde para exigirle una soluci\u00f3n al respecto.<\/p>\n\n\n\n<p>Los habitantes le reclamaron al edil su falta de atenci\u00f3n y compromiso para garantizar los servicios b\u00e1sicos al pueblo.<\/p>\n\n\n\n<p>En ese sentido, demandaron a Cruz Romero acciones contundentes para evitar m\u00e1s afectaciones por la falta de agua.<\/p>\n\n\n\n<p>Cabe recordar que Las Vigas de Ram\u00edrez es un municipio que se encuentra a 25 kil\u00f3metros de la ciudad de Xalapa, cerca de Perote.<\/p>\n\n\n\n<p>El pueblo se ubica entre el bosque, donde, el a\u00f1o pasado, un fuerte incendio arras\u00f3 con 500 hect\u00e1reas, sobre todo en la Reserva San Juan del Monte.\u00a0<\/p>\n\n\n\n<p><\/p>\n\n\n\n<p><\/p>\n","protected":false},"excerpt":{"rendered":"<p>Juan Arcos Xalapa, Ver.- Pobladores del municipio de Las Vigas de Ram\u00edrez retuvieron al alcalde Alejandro Lino Cruz Romero, debido a que llevan seis meses sin el servicio de agua potable. Los manifestantes denunciaron que el problema es grave por la pandemia del SARS-COV-2 (COVID-19), pues el higiene personal es esencial para evitar contagios. Mencionaron [&hellip;]<\/p>\n","protected":false},"author":1,"featured_media":4178,"comment_status":"open","ping_status":"open","sticky":false,"template":"","format":"standard","meta":{"_jetpack_memberships_contains_paid_content":false,"footnotes":""},"categories":[8],"tags":[],"class_list":["post-4177","post","type-post","status-publish","format-standard","has-post-thumbnail","hentry","category-region"],"jetpack_featured_media_url":"https:\/\/encuentroinformativo.com.mx\/wp-content\/uploads\/2020\/07\/6018840E-D384-4246-9246-6D9F26463775.jpeg","jetpack_sharing_enabled":true,"jetpack_likes_enabled":true,"amp_enabled":true,"_links":{"self":[{"href":"https:\/\/encuentroinformativo.com.mx\/index.php?rest_route=\/wp\/v2\/posts\/4177","targetHints":{"allow":["GET"]}}],"collection":[{"href":"https:\/\/encuentroinformativo.com.mx\/index.php?rest_route=\/wp\/v2\/posts"}],"about":[{"href":"https:\/\/encuentroinformativo.com.mx\/index.php?rest_route=\/wp\/v2\/types\/post"}],"author":[{"embeddable":true,"href":"https:\/\/encuentroinformativo.com.mx\/index.php?rest_route=\/wp\/v2\/users\/1"}],"replies":[{"embeddable":true,"href":"https:\/\/encuentroinformativo.com.mx\/index.php?rest_route=%2Fwp%2Fv2%2Fcomments&post=4177"}],"version-history":[{"count":1,"href":"https:\/\/encuentroinformativo.com.mx\/index.php?rest_route=\/wp\/v2\/posts\/4177\/revisions"}],"predecessor-version":[{"id":4179,"href":"https:\/\/encuentroinformativo.com.mx\/index.php?rest_route=\/wp\/v2\/posts\/4177\/revisions\/4179"}],"wp:featuredmedia":[{"embeddable":true,"href":"https:\/\/encuentroinformativo.com.mx\/index.php?rest_route=\/wp\/v2\/media\/4178"}],"wp:attachment":[{"href":"https:\/\/encuentroinformativo.com.mx\/index.php?rest_route=%2Fwp%2Fv2%2Fmedia&parent=4177"}],"wp:term":[{"taxonomy":"category","embeddable":true,"href":"https:\/\/encuentroinformativo.com.mx\/index.php?rest_route=%2Fwp%2Fv2%2Fcategories&post=4177"},{"taxonomy":"post_tag","embeddable":true,"href":"https:\/\/encuentroinformativo.com.mx\/index.php?rest_route=%2Fwp%2Fv2%2Ftags&post=4177"}],"curies":[{"name":"wp","href":"https:\/\/api.w.org\/{rel}","templated":true}]}}