{"id":41771,"date":"2023-06-12T13:00:34","date_gmt":"2023-06-12T19:00:34","guid":{"rendered":"https:\/\/encuentroinformativo.com.mx\/?p=41771"},"modified":"2023-06-12T13:00:38","modified_gmt":"2023-06-12T19:00:38","slug":"veracruz-sede-de-4-eventos-internacionales-deportivos","status":"publish","type":"post","link":"https:\/\/encuentroinformativo.com.mx\/?p=41771","title":{"rendered":"Veracruz sede de 4 eventos internacionales deportivos"},"content":{"rendered":"\n<p><strong>Alejandro \u00c1vila<\/strong><\/p>\n\n\n\n<p>Boca del R\u00edo, Ver.- El estado de Veracruz ser\u00e1 sede de cuatro eventos deportivos internacionales en lo que resta del 2023, confirm\u00f3 el secretario de Turismo, Iv\u00e1n Francisco Mart\u00ednez Olvera.<\/p>\n\n\n\n<p>Se trata de un evento juvenil de tenis, un evento de artes marciales, y otros dos eventos de halterofilia y taekwondo en categor\u00eda paral\u00edmpicos.<\/p>\n\n\n\n<p>&#8220;Adem\u00e1s en este mes tambi\u00e9n tendremos un evento de Budo Sento, que es de artes marciales tambi\u00e9n a nivel mundial, que vendr\u00e1n competidores de varios pa\u00edses, esto lo tendremos tambi\u00e9n a final de mes en (auditorio) Benito Ju\u00e1rez. Tambi\u00e9n tendremos Power Lifting de paral\u00edmpicos, que es un evento de clase mundial, donde vienen a hacer competencias de categor\u00eda de paral\u00edmpicos en levantamiento de pesas. El siguiente mes tendremos tambi\u00e9n un evento de paral\u00edmpicos calificatorio de taekwondo, y as\u00ed te puedo seguir todo el a\u00f1o, trabajando ya muy fuerte en lo que es turismo qu\u00e9 ha crecido de manera significativa en este a\u00f1o para Veracruz&#8221;, resalt\u00f3.<\/p>\n\n\n\n<p>La ma\u00f1ana de este lunes fue presentado en el Club Britania del municipio de Boca del R\u00edo el World Tennis Tour Veracruz 2023, evento internacional calificatorio en categor\u00edas de los 13 a los 18 a\u00f1os.<\/p>\n\n\n\n<p>En dicho evento se espera tener la presencia del mexicano, Rodrigo Pacheco, actual n\u00famero uno del mundo a nivel juvenil, de acuerdo a la International Tenis Federation (ITF), qui\u00e9n actualmente acaba de ganar el torneo Roland Garros (Francia) en la modalidad de dobles, junto al ruso, Yaroslav Denim.<\/p>\n\n\n\n<p>&#8220;Recordemos que el sembrado n\u00famero 1 a nivel mundial es mexicano, estar\u00e1n en ese torneo m\u00e1s de 25 pa\u00edses representados por sus competidores, eso nos genera afluencia tur\u00edstica, derrama econ\u00f3mica&#8221;, puntualiz\u00f3 el secretario de Turismo de Veracruz.<\/p>\n\n\n\n<p>Finalmente, Iv\u00e1n Francisco Mart\u00ednez Olvera, dijo que en el rubro de turismo deportivo la entidad veracruzana ha tenido un crecimiento del 300 por ciento.<\/p>\n\n\n\n<p>&#8220;Ha sido muy muy fuerte el crecimiento en cuanto a turismo deportivo, despu\u00e9s tuvimos 20 21 con una pandemia que hubo rezago, el a\u00f1o pasado empezamos a despegar y ahorita tenemos un crecimiento significativo de m\u00e1s del 300 por ciento&#8221;, remat\u00f3.<\/p>\n","protected":false},"excerpt":{"rendered":"<p>Alejandro \u00c1vila Boca del R\u00edo, Ver.- El estado de Veracruz ser\u00e1 sede de cuatro eventos deportivos internacionales en lo que resta del 2023, confirm\u00f3 el secretario de Turismo, Iv\u00e1n Francisco Mart\u00ednez Olvera. Se trata de un evento juvenil de tenis, un evento de artes marciales, y otros dos eventos de halterofilia y taekwondo en categor\u00eda [&hellip;]<\/p>\n","protected":false},"author":2476,"featured_media":41772,"comment_status":"open","ping_status":"open","sticky":false,"template":"","format":"standard","meta":{"_jetpack_memberships_contains_paid_content":false,"footnotes":""},"categories":[2],"tags":[],"class_list":["post-41771","post","type-post","status-publish","format-standard","has-post-thumbnail","hentry","category-estado"],"jetpack_featured_media_url":"https:\/\/encuentroinformativo.com.mx\/wp-content\/uploads\/2023\/06\/IMG-20230612-WA00512.jpg","jetpack_sharing_enabled":true,"jetpack_likes_enabled":true,"amp_enabled":true,"_links":{"self":[{"href":"https:\/\/encuentroinformativo.com.mx\/index.php?rest_route=\/wp\/v2\/posts\/41771","targetHints":{"allow":["GET"]}}],"collection":[{"href":"https:\/\/encuentroinformativo.com.mx\/index.php?rest_route=\/wp\/v2\/posts"}],"about":[{"href":"https:\/\/encuentroinformativo.com.mx\/index.php?rest_route=\/wp\/v2\/types\/post"}],"author":[{"embeddable":true,"href":"https:\/\/encuentroinformativo.com.mx\/index.php?rest_route=\/wp\/v2\/users\/2476"}],"replies":[{"embeddable":true,"href":"https:\/\/encuentroinformativo.com.mx\/index.php?rest_route=%2Fwp%2Fv2%2Fcomments&post=41771"}],"version-history":[{"count":1,"href":"https:\/\/encuentroinformativo.com.mx\/index.php?rest_route=\/wp\/v2\/posts\/41771\/revisions"}],"predecessor-version":[{"id":41773,"href":"https:\/\/encuentroinformativo.com.mx\/index.php?rest_route=\/wp\/v2\/posts\/41771\/revisions\/41773"}],"wp:featuredmedia":[{"embeddable":true,"href":"https:\/\/encuentroinformativo.com.mx\/index.php?rest_route=\/wp\/v2\/media\/41772"}],"wp:attachment":[{"href":"https:\/\/encuentroinformativo.com.mx\/index.php?rest_route=%2Fwp%2Fv2%2Fmedia&parent=41771"}],"wp:term":[{"taxonomy":"category","embeddable":true,"href":"https:\/\/encuentroinformativo.com.mx\/index.php?rest_route=%2Fwp%2Fv2%2Fcategories&post=41771"},{"taxonomy":"post_tag","embeddable":true,"href":"https:\/\/encuentroinformativo.com.mx\/index.php?rest_route=%2Fwp%2Fv2%2Ftags&post=41771"}],"curies":[{"name":"wp","href":"https:\/\/api.w.org\/{rel}","templated":true}]}}