{"id":41774,"date":"2023-06-12T13:52:07","date_gmt":"2023-06-12T19:52:07","guid":{"rendered":"https:\/\/encuentroinformativo.com.mx\/?p=41774"},"modified":"2023-06-12T13:52:12","modified_gmt":"2023-06-12T19:52:12","slug":"bloquean-carretera-costera-demandan-mejoras-en-vias-de-comunicacion","status":"publish","type":"post","link":"https:\/\/encuentroinformativo.com.mx\/?p=41774","title":{"rendered":"Bloquean carretera costera, demandan mejoras en v\u00edas de comunicaci\u00f3n"},"content":{"rendered":"\n<p><strong>Juan Arcos <\/strong><\/p>\n\n\n\n<p>Xalapa, Ver.- Habitantes de la localidad El Chaparral, municipio de Juchique de Ferrer, protestaron y bloquearon la carretera federal 180 Cardel-Poza Rica, mejor conocida como la \u201cCostera del Golfo\u201d, lo que gener\u00f3 un caos vial en la zona de la comunidad Emilio Carranza.<\/p>\n\n\n\n<p>Los quejosos reclamaron a la Secretar\u00eda de Infraestructura y Obras P\u00fablicas (SIOP), as\u00ed como a autoridades federales, la pavimentaci\u00f3n de 29 kil\u00f3metros del tramo carretero que va de Carranza a El Chaparral.<\/p>\n\n\n\n<p>De acuerdo con Alejandro Morales D\u00edaz, uno de los manifestantes, el mejoramiento del acceso beneficiar\u00eda a m\u00e1s de 20 comunidades y 15 mil pobladores de la zona costera central del estado de Veracruz.<\/p>\n\n\n\n<p>\u201cEstamos exigi\u00e9ndole al gobierno del estado y al gobierno federal, municipal, que nos apoyen al mejoramiento de la carretera El Chaparral-Carranza\u201d, enfatiz\u00f3 el entrevistado.<\/p>\n\n\n\n<p>Mencion\u00f3 que desde hace 50 a\u00f1os la v\u00eda de comunicaci\u00f3n mencionada se encuentra en p\u00e9simas condiciones, lo que ha ocasionado accidentes vehiculares.<\/p>\n\n\n\n<p>Los pobladores mencionaron que ya cuentan con un proyecto ejecutivo validado desde el a\u00f1o 2021; sin embargo, las autoridades no han iniciado los trabajos correspondientes.<\/p>\n\n\n\n<p>Enfatizaron que el tramo carretero es casi intransitable porque es una zona de deslaves y la infraestructura est\u00e1 severamente da\u00f1ada.<\/p>\n\n\n\n<p>Por tal motivo, exigieron una audiencia con autoridades de la SIOP y la Secretar\u00eda de Comunicaciones y Transportes (SCT) para que sean atendidas sus demandas lo antes posible.<\/p>\n","protected":false},"excerpt":{"rendered":"<p>Juan Arcos Xalapa, Ver.- Habitantes de la localidad El Chaparral, municipio de Juchique de Ferrer, protestaron y bloquearon la carretera federal 180 Cardel-Poza Rica, mejor conocida como la \u201cCostera del Golfo\u201d, lo que gener\u00f3 un caos vial en la zona de la comunidad Emilio Carranza. Los quejosos reclamaron a la Secretar\u00eda de Infraestructura y Obras [&hellip;]<\/p>\n","protected":false},"author":2476,"featured_media":41775,"comment_status":"open","ping_status":"open","sticky":false,"template":"","format":"standard","meta":{"_jetpack_memberships_contains_paid_content":false,"footnotes":""},"categories":[2],"tags":[],"class_list":["post-41774","post","type-post","status-publish","format-standard","has-post-thumbnail","hentry","category-estado"],"jetpack_featured_media_url":"https:\/\/encuentroinformativo.com.mx\/wp-content\/uploads\/2023\/06\/42f4ce64-6993-4885-9d89-d0ebd3d9cf68.jpg","jetpack_sharing_enabled":true,"jetpack_likes_enabled":true,"amp_enabled":true,"_links":{"self":[{"href":"https:\/\/encuentroinformativo.com.mx\/index.php?rest_route=\/wp\/v2\/posts\/41774","targetHints":{"allow":["GET"]}}],"collection":[{"href":"https:\/\/encuentroinformativo.com.mx\/index.php?rest_route=\/wp\/v2\/posts"}],"about":[{"href":"https:\/\/encuentroinformativo.com.mx\/index.php?rest_route=\/wp\/v2\/types\/post"}],"author":[{"embeddable":true,"href":"https:\/\/encuentroinformativo.com.mx\/index.php?rest_route=\/wp\/v2\/users\/2476"}],"replies":[{"embeddable":true,"href":"https:\/\/encuentroinformativo.com.mx\/index.php?rest_route=%2Fwp%2Fv2%2Fcomments&post=41774"}],"version-history":[{"count":1,"href":"https:\/\/encuentroinformativo.com.mx\/index.php?rest_route=\/wp\/v2\/posts\/41774\/revisions"}],"predecessor-version":[{"id":41776,"href":"https:\/\/encuentroinformativo.com.mx\/index.php?rest_route=\/wp\/v2\/posts\/41774\/revisions\/41776"}],"wp:featuredmedia":[{"embeddable":true,"href":"https:\/\/encuentroinformativo.com.mx\/index.php?rest_route=\/wp\/v2\/media\/41775"}],"wp:attachment":[{"href":"https:\/\/encuentroinformativo.com.mx\/index.php?rest_route=%2Fwp%2Fv2%2Fmedia&parent=41774"}],"wp:term":[{"taxonomy":"category","embeddable":true,"href":"https:\/\/encuentroinformativo.com.mx\/index.php?rest_route=%2Fwp%2Fv2%2Fcategories&post=41774"},{"taxonomy":"post_tag","embeddable":true,"href":"https:\/\/encuentroinformativo.com.mx\/index.php?rest_route=%2Fwp%2Fv2%2Ftags&post=41774"}],"curies":[{"name":"wp","href":"https:\/\/api.w.org\/{rel}","templated":true}]}}