{"id":41789,"date":"2023-06-12T16:45:49","date_gmt":"2023-06-12T22:45:49","guid":{"rendered":"https:\/\/encuentroinformativo.com.mx\/?p=41789"},"modified":"2023-06-12T16:45:53","modified_gmt":"2023-06-12T22:45:53","slug":"solicitan-docentes-de-educacion-especial-protestan-en-cam-de-misantla","status":"publish","type":"post","link":"https:\/\/encuentroinformativo.com.mx\/?p=41789","title":{"rendered":"Solicitan docentes de educaci\u00f3n especial, protestan en CAM de Misantla"},"content":{"rendered":"\n<p><strong>Juan Arcos <\/strong><\/p>\n\n\n\n<p>Xalapa, Ver.- Ante la falta de docentes de Educaci\u00f3n Especial, madres y padres de familia se manifestaron y tomaron el Centro de Atenci\u00f3n M\u00faltiple (CAM) \u201cDoctor Jos\u00e9 de Jes\u00fas Gonz\u00e1lez\u201d, en el municipio de Misantla.<\/p>\n\n\n\n<p>Los quejosos se\u00f1alaron que durante el ciclo escolar 2022-2023, \u201cpoco a poco\u201d se fueron quedando sin docentes para atender a los estudiantes.<\/p>\n\n\n\n<p>El caso m\u00e1s reciente ocurri\u00f3 con el maestro Antonio Quintana, quien tuvo que irse y dejar sin clases a los menores de edad, situaci\u00f3n que afecta su rendimiento acad\u00e9mico.<\/p>\n\n\n\n<p>\u201cNos quitaron a un docente m\u00e1s, al profesor Antonio Quintana quien ten\u00eda un contrato firmado con la antigua jefa del departamento hasta el mes de julio y la SEV que hizo el cambio de Jefe de Departamento no lo respetan y le piden se retire sin previo aviso\u201d, relat\u00f3 uno de los afectados.<\/p>\n\n\n\n<p>Adem\u00e1s, mencionaron que de manera constante hay cambios en el plantel educativo al grado de dejarlos sin Psic\u00f3logos, docentes de Educaci\u00f3n F\u00edsica, trabajadores sociales, rehabilitaci\u00f3n y al especialista en comunicaci\u00f3n.<\/p>\n\n\n\n<p>Este \u00faltimo fue asignado a otras \u00e1reas acad\u00e9micas \u201cpara hacer un proyecto de sordos a nivel estatal\u201d y su vacante no ha sido cubierta, afectando as\u00ed a los menores que necesitan clases diarias.<\/p>\n\n\n\n<p>Las quejas fueron plasmadas en pancartas, con el mensaje: \u201cexigimos respeto a los derechos de nuestros hijos\u201d.<\/p>\n\n\n\n<p>Por lo anterior, exigieron que la Secretar\u00eda de Educaci\u00f3n de Veracruz (SEV) se apegue al art\u00edculo 24 de la Convenci\u00f3n de los derechos de las personas con discapacidad.<\/p>\n\n\n\n<p>Cabe recordar que dicho art\u00edculo establece que las personas con discapacidad pueden acceder a la educaci\u00f3n superior, formaci\u00f3n profesional, educaci\u00f3n adulta y aprendizaje a lo largo de la vida, sin discriminaci\u00f3n y en igualdad de condiciones que los dem\u00e1s.<\/p>\n\n\n\n<figure class=\"wp-block-image size-large\"><img loading=\"lazy\" decoding=\"async\" width=\"607\" height=\"455\" src=\"https:\/\/encuentroinformativo.com.mx\/wp-content\/uploads\/2023\/06\/1440ff9b-4aed-4eb9-9573-33f1338dad14.jpg\" alt=\"\" class=\"wp-image-41791\" srcset=\"https:\/\/encuentroinformativo.com.mx\/wp-content\/uploads\/2023\/06\/1440ff9b-4aed-4eb9-9573-33f1338dad14.jpg 607w, https:\/\/encuentroinformativo.com.mx\/wp-content\/uploads\/2023\/06\/1440ff9b-4aed-4eb9-9573-33f1338dad14-300x225.jpg 300w\" sizes=\"auto, (max-width: 607px) 100vw, 607px\" \/><\/figure>\n","protected":false},"excerpt":{"rendered":"<p>Juan Arcos Xalapa, Ver.- Ante la falta de docentes de Educaci\u00f3n Especial, madres y padres de familia se manifestaron y tomaron el Centro de Atenci\u00f3n M\u00faltiple (CAM) \u201cDoctor Jos\u00e9 de Jes\u00fas Gonz\u00e1lez\u201d, en el municipio de Misantla. Los quejosos se\u00f1alaron que durante el ciclo escolar 2022-2023, \u201cpoco a poco\u201d se fueron quedando sin docentes para [&hellip;]<\/p>\n","protected":false},"author":2476,"featured_media":41790,"comment_status":"open","ping_status":"open","sticky":false,"template":"","format":"standard","meta":{"_jetpack_memberships_contains_paid_content":false,"footnotes":""},"categories":[2],"tags":[],"class_list":["post-41789","post","type-post","status-publish","format-standard","has-post-thumbnail","hentry","category-estado"],"jetpack_featured_media_url":"https:\/\/encuentroinformativo.com.mx\/wp-content\/uploads\/2023\/06\/82347593-26d4-488f-a708-4686a7b01142.jpg","jetpack_sharing_enabled":true,"jetpack_likes_enabled":true,"amp_enabled":true,"_links":{"self":[{"href":"https:\/\/encuentroinformativo.com.mx\/index.php?rest_route=\/wp\/v2\/posts\/41789","targetHints":{"allow":["GET"]}}],"collection":[{"href":"https:\/\/encuentroinformativo.com.mx\/index.php?rest_route=\/wp\/v2\/posts"}],"about":[{"href":"https:\/\/encuentroinformativo.com.mx\/index.php?rest_route=\/wp\/v2\/types\/post"}],"author":[{"embeddable":true,"href":"https:\/\/encuentroinformativo.com.mx\/index.php?rest_route=\/wp\/v2\/users\/2476"}],"replies":[{"embeddable":true,"href":"https:\/\/encuentroinformativo.com.mx\/index.php?rest_route=%2Fwp%2Fv2%2Fcomments&post=41789"}],"version-history":[{"count":1,"href":"https:\/\/encuentroinformativo.com.mx\/index.php?rest_route=\/wp\/v2\/posts\/41789\/revisions"}],"predecessor-version":[{"id":41792,"href":"https:\/\/encuentroinformativo.com.mx\/index.php?rest_route=\/wp\/v2\/posts\/41789\/revisions\/41792"}],"wp:featuredmedia":[{"embeddable":true,"href":"https:\/\/encuentroinformativo.com.mx\/index.php?rest_route=\/wp\/v2\/media\/41790"}],"wp:attachment":[{"href":"https:\/\/encuentroinformativo.com.mx\/index.php?rest_route=%2Fwp%2Fv2%2Fmedia&parent=41789"}],"wp:term":[{"taxonomy":"category","embeddable":true,"href":"https:\/\/encuentroinformativo.com.mx\/index.php?rest_route=%2Fwp%2Fv2%2Fcategories&post=41789"},{"taxonomy":"post_tag","embeddable":true,"href":"https:\/\/encuentroinformativo.com.mx\/index.php?rest_route=%2Fwp%2Fv2%2Ftags&post=41789"}],"curies":[{"name":"wp","href":"https:\/\/api.w.org\/{rel}","templated":true}]}}