{"id":418,"date":"2020-03-05T04:30:32","date_gmt":"2020-03-05T04:30:32","guid":{"rendered":"https:\/\/encuentroinformativo.com\/?p=418"},"modified":"2020-03-05T04:30:32","modified_gmt":"2020-03-05T04:30:32","slug":"separan-del-cargo-a-ediles-de-actopan","status":"publish","type":"post","link":"https:\/\/encuentroinformativo.com.mx\/?p=418","title":{"rendered":"Separan del cargo a ediles de Actopan"},"content":{"rendered":"\n<p><strong>Dar\u00edo Pale <\/strong><\/p>\n\n\n\n<p>Xalapa, Ver.- El alcalde de Actopan Jos\u00e9 Paulino Dominguez y la Sindica Lucero Jazm\u00edn \u00a0Palmeros Barradas fueron separados de su cargo con 34 votos a favor, 12 en contra y dos abstenciones.<\/p>\n\n\n\n<p>En sesi\u00f3n privada del congreso del estado, los legisladores y legisladoras \u00a0votaron para que se le inicie un proceso por parte de la Fiscal\u00eda Anticorrupci\u00f3n ya que se les acusa de corrupci\u00f3n.<\/p>\n\n\n\n<p>Es a trav\u00e9s del oficio FECCEV\/FA\/006\/2020 que se hizo la petici\u00f3n por parte de la ya mencionada fiscal\u00eda la cual detalla:\u00a0<br>\u201cEn base al art\u00edculo 123 de la Ley org\u00e1nica, que a la letra dice; para la suspensi\u00f3n y revocaci\u00f3n del mandato de los ediles, as\u00ed como para la suspensi\u00f3n de los Ayuntamientos, el congreso del Estado actuar\u00e1, en lo conducente, conforme al procedimiento que indican los art\u00edculos del 18 al 25, inclusive, de la Ley de Juicio Pol\u00edtico y Declaraci\u00f3n de Procedencia\u201d.<\/p>\n\n\n\n<p>Finalmente cabe mencionar que aunque a\u00fan no se hab\u00eda aprobado la separaci\u00f3n del cargo en el Congreso Local, se inform\u00f3 que cerca de las 12 del d\u00eda de est\u00e9 mi\u00e9rcoles se detuvo en una plaza comercial cercana al Palacio Legislativo a la S\u00edndica Lucero Jazm\u00edn Palmero Barradas.<\/p>\n\n\n\n<p><\/p>\n","protected":false},"excerpt":{"rendered":"<p>Dar\u00edo Pale Xalapa, Ver.- El alcalde de Actopan Jos\u00e9 Paulino Dominguez y la Sindica Lucero Jazm\u00edn \u00a0Palmeros Barradas fueron separados de su cargo con 34 votos a favor, 12 en contra y dos abstenciones. En sesi\u00f3n privada del congreso del estado, los legisladores y legisladoras \u00a0votaron para que se le inicie un proceso por parte [&hellip;]<\/p>\n","protected":false},"author":1,"featured_media":419,"comment_status":"open","ping_status":"open","sticky":false,"template":"","format":"standard","meta":{"_jetpack_memberships_contains_paid_content":false,"footnotes":""},"categories":[8],"tags":[],"class_list":["post-418","post","type-post","status-publish","format-standard","has-post-thumbnail","hentry","category-region"],"jetpack_featured_media_url":"https:\/\/encuentroinformativo.com.mx\/wp-content\/uploads\/2020\/03\/7671ACC8-A438-4480-B4BD-340EB8FF8ECE.jpeg","jetpack_sharing_enabled":true,"jetpack_likes_enabled":true,"amp_enabled":true,"_links":{"self":[{"href":"https:\/\/encuentroinformativo.com.mx\/index.php?rest_route=\/wp\/v2\/posts\/418","targetHints":{"allow":["GET"]}}],"collection":[{"href":"https:\/\/encuentroinformativo.com.mx\/index.php?rest_route=\/wp\/v2\/posts"}],"about":[{"href":"https:\/\/encuentroinformativo.com.mx\/index.php?rest_route=\/wp\/v2\/types\/post"}],"author":[{"embeddable":true,"href":"https:\/\/encuentroinformativo.com.mx\/index.php?rest_route=\/wp\/v2\/users\/1"}],"replies":[{"embeddable":true,"href":"https:\/\/encuentroinformativo.com.mx\/index.php?rest_route=%2Fwp%2Fv2%2Fcomments&post=418"}],"version-history":[{"count":1,"href":"https:\/\/encuentroinformativo.com.mx\/index.php?rest_route=\/wp\/v2\/posts\/418\/revisions"}],"predecessor-version":[{"id":420,"href":"https:\/\/encuentroinformativo.com.mx\/index.php?rest_route=\/wp\/v2\/posts\/418\/revisions\/420"}],"wp:featuredmedia":[{"embeddable":true,"href":"https:\/\/encuentroinformativo.com.mx\/index.php?rest_route=\/wp\/v2\/media\/419"}],"wp:attachment":[{"href":"https:\/\/encuentroinformativo.com.mx\/index.php?rest_route=%2Fwp%2Fv2%2Fmedia&parent=418"}],"wp:term":[{"taxonomy":"category","embeddable":true,"href":"https:\/\/encuentroinformativo.com.mx\/index.php?rest_route=%2Fwp%2Fv2%2Fcategories&post=418"},{"taxonomy":"post_tag","embeddable":true,"href":"https:\/\/encuentroinformativo.com.mx\/index.php?rest_route=%2Fwp%2Fv2%2Ftags&post=418"}],"curies":[{"name":"wp","href":"https:\/\/api.w.org\/{rel}","templated":true}]}}