{"id":4180,"date":"2020-07-16T16:42:13","date_gmt":"2020-07-16T21:42:13","guid":{"rendered":"https:\/\/encuentroinformativo.com\/?p=4180"},"modified":"2020-07-16T16:42:16","modified_gmt":"2020-07-16T21:42:16","slug":"abogados-demandan-no-rezagar-procesos-penales","status":"publish","type":"post","link":"https:\/\/encuentroinformativo.com.mx\/?p=4180","title":{"rendered":"Abogados demandan no rezagar procesos penales"},"content":{"rendered":"\n<p><strong>Dar\u00edo Pale <\/strong><\/p>\n\n\n\n<p>Xalapa, Ver.- El presidente de abogados juristas del estado de Veracruz Valent\u00edn Olmos Alfonso, dio a conocer que que se promovi\u00f3 un amparo ante la Corte Interamericana de los Derechos Humanos para \u00a0que se reglamente el uso de la tecnolog\u00eda y con ello se evite el rezago de los procesos penales suspendidos en la entidad con motivo de la pandemia del Covid-19.<\/p>\n\n\n\n<p>En conferencia de prensa realizada en conocido caf\u00e9 del centro de Xalapa se\u00f1al\u00f3 que debido a la situaci\u00f3n que se present\u00f3 el d\u00eda de ayer en el Poder Judicial del Estado de Veracruz, donde los consejeros del poder judicial se enfrentaron a la presidenta Sofia Mart\u00ednez Huerta.<\/p>\n\n\n\n<p>Por lo que est\u00e1n solicitando que la Magistrada Presidenta se pronuncia en cuanto a los hechos que se presentaron al interior ya que es preocupante para los abogados ya que no puede ser que exista un conflicto interno cuando deben de trabajar en armon\u00eda para poder impartir justicia.<\/p>\n\n\n\n<p>Desde el 17 de marzo se cerraron los juzgados y diversas \u00e1reas del Poder Judicial de Veracruz, provocando desde entonces el mayor rezago registrado en los procesos judiciales.<\/p>\n\n\n\n<p>&#8220;Ahorita lo que estamos padeciendo como abogados es la nula participaci\u00f3n para llevar a cabo los procesos judiciales&#8221; se\u00f1al\u00f3.<\/p>\n\n\n\n<p>Por lo anterior enviar\u00edan una iniciativa al Congreso del Estado para modificar un art\u00edculo de la Ley Org\u00e1nica del Poder Judicial del Estado para contar con los mecanismos necesarios para la impartici\u00f3n de justicia a trav\u00e9s del uso de tecnolog\u00eda.<\/p>\n\n\n\n<p>As\u00ed se capacitar\u00eda al personal del Poder Judicial y a los abogados para que se imparta justicia en l\u00ednea, &#8220;No se puede exigir cuando no est\u00e1 regulada a trav\u00e9s de la Ley Org\u00e1nica del Poder Judicial&#8221;.<\/p>\n\n\n\n<p>Finalmente dio a conocer que siempre ha existido el \u201cnepotismo que sigue imperando dentro del poder judicial del estado de Veracruz donde claramente se puede advertir familiares hasta el cuarto grado de consanguinidad est\u00e1n ah\u00ed dentro del poder cuando la ley lo establece que el nepotismo no debe de existir\u201d.<\/p>\n\n\n\n<p><\/p>\n","protected":false},"excerpt":{"rendered":"<p>Dar\u00edo Pale Xalapa, Ver.- El presidente de abogados juristas del estado de Veracruz Valent\u00edn Olmos Alfonso, dio a conocer que que se promovi\u00f3 un amparo ante la Corte Interamericana de los Derechos Humanos para \u00a0que se reglamente el uso de la tecnolog\u00eda y con ello se evite el rezago de los procesos penales suspendidos en [&hellip;]<\/p>\n","protected":false},"author":1,"featured_media":4181,"comment_status":"open","ping_status":"open","sticky":false,"template":"","format":"standard","meta":{"_jetpack_memberships_contains_paid_content":false,"footnotes":""},"categories":[2],"tags":[],"class_list":["post-4180","post","type-post","status-publish","format-standard","has-post-thumbnail","hentry","category-estado"],"jetpack_featured_media_url":"https:\/\/encuentroinformativo.com.mx\/wp-content\/uploads\/2020\/07\/489A51E5-E363-4FCF-B9C7-33DC526214F9.jpeg","jetpack_sharing_enabled":true,"jetpack_likes_enabled":true,"amp_enabled":true,"_links":{"self":[{"href":"https:\/\/encuentroinformativo.com.mx\/index.php?rest_route=\/wp\/v2\/posts\/4180","targetHints":{"allow":["GET"]}}],"collection":[{"href":"https:\/\/encuentroinformativo.com.mx\/index.php?rest_route=\/wp\/v2\/posts"}],"about":[{"href":"https:\/\/encuentroinformativo.com.mx\/index.php?rest_route=\/wp\/v2\/types\/post"}],"author":[{"embeddable":true,"href":"https:\/\/encuentroinformativo.com.mx\/index.php?rest_route=\/wp\/v2\/users\/1"}],"replies":[{"embeddable":true,"href":"https:\/\/encuentroinformativo.com.mx\/index.php?rest_route=%2Fwp%2Fv2%2Fcomments&post=4180"}],"version-history":[{"count":1,"href":"https:\/\/encuentroinformativo.com.mx\/index.php?rest_route=\/wp\/v2\/posts\/4180\/revisions"}],"predecessor-version":[{"id":4182,"href":"https:\/\/encuentroinformativo.com.mx\/index.php?rest_route=\/wp\/v2\/posts\/4180\/revisions\/4182"}],"wp:featuredmedia":[{"embeddable":true,"href":"https:\/\/encuentroinformativo.com.mx\/index.php?rest_route=\/wp\/v2\/media\/4181"}],"wp:attachment":[{"href":"https:\/\/encuentroinformativo.com.mx\/index.php?rest_route=%2Fwp%2Fv2%2Fmedia&parent=4180"}],"wp:term":[{"taxonomy":"category","embeddable":true,"href":"https:\/\/encuentroinformativo.com.mx\/index.php?rest_route=%2Fwp%2Fv2%2Fcategories&post=4180"},{"taxonomy":"post_tag","embeddable":true,"href":"https:\/\/encuentroinformativo.com.mx\/index.php?rest_route=%2Fwp%2Fv2%2Ftags&post=4180"}],"curies":[{"name":"wp","href":"https:\/\/api.w.org\/{rel}","templated":true}]}}