{"id":41801,"date":"2023-06-12T17:09:38","date_gmt":"2023-06-12T23:09:38","guid":{"rendered":"https:\/\/encuentroinformativo.com.mx\/?p=41801"},"modified":"2023-06-12T17:09:42","modified_gmt":"2023-06-12T23:09:42","slug":"las-mujeres-de-boca-del-rio-estan-con-fxm-veracruz-tato-vega","status":"publish","type":"post","link":"https:\/\/encuentroinformativo.com.mx\/?p=41801","title":{"rendered":"Las mujeres de Boca del R\u00edo est\u00e1n con FxM Veracruz: Tato Vega"},"content":{"rendered":"\n<p>Boca del R\u00edo, Ver. &#8211; Al rendir protesta al nuevo Comit\u00e9 Directivo Municipal de Boca del R\u00edo, el dirigente de Fuerza por M\u00e9xico Veracruz, Eduardo \u201cTato\u201d Vega, subray\u00f3 que son el \u00fanico partido que realmente le est\u00e1 apostando a las mujeres.<\/p>\n\n\n\n<p>Ante la presencia de 50 presidentes de los comit\u00e9s seccionales \u201cCon Fuerza\u201d de la zona conurbada, el dirigente de la ola rosa destac\u00f3 que dicho Comit\u00e9 Municipal est\u00e1 integrado \u00fanicamente por mujeres, pues ellas son uno de los pilares m\u00e1s importantes del partido estatal.<\/p>\n\n\n\n<p>&#8220;Estamos m\u00e1s fortalecidos que nunca, gracias a la participaci\u00f3n de mujeres capaces y responsables, quienes sin duda asumen cargos importantes en beneficio de nuestra sociedad y de las futuras generaciones\u201d, expres\u00f3.<\/p>\n\n\n\n<p>Cabe destacar que el Comit\u00e9 Directivo Municipal de Boca del R\u00edo estar\u00e1 presidido por Jessica Montero; Adriana Dom\u00ednguez, como Secretaria General; Lourdes Medina ser\u00e1 responsable del \u00e1rea de Finanzas; Carolina Bustos, encabeza la Secretar\u00eda de Vinculaci\u00f3n; Sara Pe\u00f1a ser\u00e1 secretaria de organizaci\u00f3n; Nancy Arrazate, tendr\u00e1 a su cargo el \u00e1rea de la mujeres; mientras que Elizabeth Bejarano estar\u00e1 en el \u00e1rea de redes.<\/p>\n","protected":false},"excerpt":{"rendered":"<p>Boca del R\u00edo, Ver. &#8211; Al rendir protesta al nuevo Comit\u00e9 Directivo Municipal de Boca del R\u00edo, el dirigente de Fuerza por M\u00e9xico Veracruz, Eduardo \u201cTato\u201d Vega, subray\u00f3 que son el \u00fanico partido que realmente le est\u00e1 apostando a las mujeres. Ante la presencia de 50 presidentes de los comit\u00e9s seccionales \u201cCon Fuerza\u201d de la [&hellip;]<\/p>\n","protected":false},"author":2476,"featured_media":41797,"comment_status":"open","ping_status":"open","sticky":false,"template":"","format":"standard","meta":{"_jetpack_memberships_contains_paid_content":false,"footnotes":""},"categories":[2],"tags":[],"class_list":["post-41801","post","type-post","status-publish","format-standard","has-post-thumbnail","hentry","category-estado"],"jetpack_featured_media_url":"https:\/\/encuentroinformativo.com.mx\/wp-content\/uploads\/2023\/06\/IMG-20230612-WA00862.jpg","jetpack_sharing_enabled":true,"jetpack_likes_enabled":true,"amp_enabled":true,"_links":{"self":[{"href":"https:\/\/encuentroinformativo.com.mx\/index.php?rest_route=\/wp\/v2\/posts\/41801","targetHints":{"allow":["GET"]}}],"collection":[{"href":"https:\/\/encuentroinformativo.com.mx\/index.php?rest_route=\/wp\/v2\/posts"}],"about":[{"href":"https:\/\/encuentroinformativo.com.mx\/index.php?rest_route=\/wp\/v2\/types\/post"}],"author":[{"embeddable":true,"href":"https:\/\/encuentroinformativo.com.mx\/index.php?rest_route=\/wp\/v2\/users\/2476"}],"replies":[{"embeddable":true,"href":"https:\/\/encuentroinformativo.com.mx\/index.php?rest_route=%2Fwp%2Fv2%2Fcomments&post=41801"}],"version-history":[{"count":1,"href":"https:\/\/encuentroinformativo.com.mx\/index.php?rest_route=\/wp\/v2\/posts\/41801\/revisions"}],"predecessor-version":[{"id":41802,"href":"https:\/\/encuentroinformativo.com.mx\/index.php?rest_route=\/wp\/v2\/posts\/41801\/revisions\/41802"}],"wp:featuredmedia":[{"embeddable":true,"href":"https:\/\/encuentroinformativo.com.mx\/index.php?rest_route=\/wp\/v2\/media\/41797"}],"wp:attachment":[{"href":"https:\/\/encuentroinformativo.com.mx\/index.php?rest_route=%2Fwp%2Fv2%2Fmedia&parent=41801"}],"wp:term":[{"taxonomy":"category","embeddable":true,"href":"https:\/\/encuentroinformativo.com.mx\/index.php?rest_route=%2Fwp%2Fv2%2Fcategories&post=41801"},{"taxonomy":"post_tag","embeddable":true,"href":"https:\/\/encuentroinformativo.com.mx\/index.php?rest_route=%2Fwp%2Fv2%2Ftags&post=41801"}],"curies":[{"name":"wp","href":"https:\/\/api.w.org\/{rel}","templated":true}]}}