{"id":41808,"date":"2023-06-13T09:40:07","date_gmt":"2023-06-13T15:40:07","guid":{"rendered":"https:\/\/encuentroinformativo.com.mx\/?p=41808"},"modified":"2023-06-13T09:40:11","modified_gmt":"2023-06-13T15:40:11","slug":"la-conyunta-de-morena","status":"publish","type":"post","link":"https:\/\/encuentroinformativo.com.mx\/?p=41808","title":{"rendered":"LA CONYUNTA DE MORENA"},"content":{"rendered":"\n<p><strong>Los Pol\u00edticos<\/strong><\/p>\n\n\n\n<p><strong>Salvador Mu\u00f1oz<\/strong><\/p>\n\n\n\n<p>Hay dos puntos, tras el Consejo Nacional donde estipularon las reglas para las \u201ccorcholatas\u201d, que alejan a Morena de sus mentados sue\u00f1os de democracia a los que tanto abogan a la hora de hablar, en especial su l\u00edder moral, L\u00f3pez Obrador, y sobre todo en este momento en que de cualquier modo, se posicionan como el tema central tanto de los que simpatizan con el Movimiento, como quienes no, as\u00ed como en quienes ni est\u00e1n a favor de Morena ni de la Oposici\u00f3n.<\/p>\n\n\n\n<p>Por eso, por ser tema toral de nuestra pol\u00edtica nacional, es que \u201clas reglas\u201d que deben seguir las \u201ccorcholatas\u201d, a pesar de que las visten de democr\u00e1ticas, al final, s\u00f3lo queda en un mero disfraz en los dos puntos que al menos en lo particular, llamaron mi atenci\u00f3n.<\/p>\n\n\n\n<p>El primero, que las \u201ccorcholatas\u201d deber\u00e1n evitar acudir a debates p\u00fablicos y queda prohibida la descalificaci\u00f3n entre ellas.<\/p>\n\n\n\n<p>El debate es parte esencial de la pol\u00edtica donde reine la democracia, porque con ello, hay la garant\u00eda de un intercambio de ideas donde es posible que el espectador se haga de una imagen de cu\u00e1nto le fosforean las meninges a los interesados y de cierto modo, ver el tama\u00f1o de cada animal pol\u00edtico que aspira a ser candidato al 2024.<\/p>\n\n\n\n<p>Un buen debate podr\u00eda ausentarse de descalificaciones pero en el mejor de los casos, hay quienes gustan de la elegancia para poner en su lugar al contrincante, y para ello se requiere de inteligencia, la cual debe estar en la parte emisora como en la receptora, para no engancharse y de ser posible, devolver en los mismos t\u00e9rminos \u201cla flor\u201d\u2026<\/p>\n\n\n\n<p>Podr\u00edan argumentar que evitar el debate es evitar fisuras al interior del partido, pero entonces queda claro que en Morena la disidencia, el desacuerdo, el pensar diferente, o simplemente pensar, es algo que se debe evitar porque de eso, el Pastor se encarga\u2026<\/p>\n\n\n\n<p>El segundo punto es el m\u00e1s preocupante. Acordaron en el Consejo morenista que se \u201cevitar\u00e1n los medios reaccionarios, conservadores, adversarios de la Cuarta Transformaci\u00f3n y partidarios del viejo r\u00e9gimen\u201d&#8230;<\/p>\n\n\n\n<p>Es decir, para Morena y luego entonces, para el Gobierno federal, hay prensa que no es acorde porque discrepa de su doctrina.<\/p>\n\n\n\n<p>Cualquier gobierno que se precie de democr\u00e1tico, debe tener como balanza una prensa cr\u00edtica pero esto no basta. En M\u00e9xico hay una prensa cr\u00edtica y si para algunos eso debiera \u201clegitimar\u201d el ejercicio amplio de la Libertad de Expresi\u00f3n, el hecho de que las Ma\u00f1aneras tengan prensa a modo, hace que cualquier tinte de democracia que prentenda el Sistema en el Poder, se venga abajo.<\/p>\n\n\n\n<p>Y es curioso, porque para que se pudiera ampliar el ejercicio de la Libertad de Expresi\u00f3n, se tendr\u00eda que permitir un debate entre los medios cr\u00edticos y el Gobierno\u2026 y X\u00f3chitl G\u00e1lvez, sin que sea periodista, sabe de lo que hablo\u2026 si no hay amplitud en los medios, mucho menos en los ciudadanos\u2026 eso est\u00e1 m\u00e1s que claro.<\/p>\n\n\n\n<p>Luego entonces, tenemos un partido en el poder que a sus propios militantes subyuga, aunque aqu\u00ed me queda claro que al menos hasta lo que llevamos de poder moreno, son pocos a los que no les hace gracia el sabor de la coyunta.<\/p>\n","protected":false},"excerpt":{"rendered":"<p>Los Pol\u00edticos Salvador Mu\u00f1oz Hay dos puntos, tras el Consejo Nacional donde estipularon las reglas para las \u201ccorcholatas\u201d, que alejan a Morena de sus mentados sue\u00f1os de democracia a los que tanto abogan a la hora de hablar, en especial su l\u00edder moral, L\u00f3pez Obrador, y sobre todo en este momento en que de cualquier [&hellip;]<\/p>\n","protected":false},"author":2476,"featured_media":387,"comment_status":"open","ping_status":"open","sticky":false,"template":"","format":"standard","meta":{"_jetpack_memberships_contains_paid_content":false,"footnotes":""},"categories":[11],"tags":[],"class_list":["post-41808","post","type-post","status-publish","format-standard","has-post-thumbnail","hentry","category-opinion"],"jetpack_featured_media_url":"https:\/\/encuentroinformativo.com.mx\/wp-content\/uploads\/2020\/03\/7CF8A22B-2764-47BE-8F7F-38FE9E5D6A2F.jpeg","jetpack_sharing_enabled":true,"jetpack_likes_enabled":true,"amp_enabled":true,"_links":{"self":[{"href":"https:\/\/encuentroinformativo.com.mx\/index.php?rest_route=\/wp\/v2\/posts\/41808","targetHints":{"allow":["GET"]}}],"collection":[{"href":"https:\/\/encuentroinformativo.com.mx\/index.php?rest_route=\/wp\/v2\/posts"}],"about":[{"href":"https:\/\/encuentroinformativo.com.mx\/index.php?rest_route=\/wp\/v2\/types\/post"}],"author":[{"embeddable":true,"href":"https:\/\/encuentroinformativo.com.mx\/index.php?rest_route=\/wp\/v2\/users\/2476"}],"replies":[{"embeddable":true,"href":"https:\/\/encuentroinformativo.com.mx\/index.php?rest_route=%2Fwp%2Fv2%2Fcomments&post=41808"}],"version-history":[{"count":1,"href":"https:\/\/encuentroinformativo.com.mx\/index.php?rest_route=\/wp\/v2\/posts\/41808\/revisions"}],"predecessor-version":[{"id":41809,"href":"https:\/\/encuentroinformativo.com.mx\/index.php?rest_route=\/wp\/v2\/posts\/41808\/revisions\/41809"}],"wp:featuredmedia":[{"embeddable":true,"href":"https:\/\/encuentroinformativo.com.mx\/index.php?rest_route=\/wp\/v2\/media\/387"}],"wp:attachment":[{"href":"https:\/\/encuentroinformativo.com.mx\/index.php?rest_route=%2Fwp%2Fv2%2Fmedia&parent=41808"}],"wp:term":[{"taxonomy":"category","embeddable":true,"href":"https:\/\/encuentroinformativo.com.mx\/index.php?rest_route=%2Fwp%2Fv2%2Fcategories&post=41808"},{"taxonomy":"post_tag","embeddable":true,"href":"https:\/\/encuentroinformativo.com.mx\/index.php?rest_route=%2Fwp%2Fv2%2Ftags&post=41808"}],"curies":[{"name":"wp","href":"https:\/\/api.w.org\/{rel}","templated":true}]}}