{"id":41810,"date":"2023-06-13T09:47:24","date_gmt":"2023-06-13T15:47:24","guid":{"rendered":"https:\/\/encuentroinformativo.com.mx\/?p=41810"},"modified":"2023-06-13T09:47:48","modified_gmt":"2023-06-13T15:47:48","slug":"lo-que-se-percibe-de-ebrard-y-claudia","status":"publish","type":"post","link":"https:\/\/encuentroinformativo.com.mx\/?p=41810","title":{"rendered":"LO QUE SE PERCIBE DE EBRARD Y CLAUDIA"},"content":{"rendered":"\n<p><strong>ColumnaSinNombre<br>@pablojair<\/strong><\/p>\n\n\n\n<ul class=\"wp-block-list\"><li>Muri\u00f3 Rub\u00e9n Moya.<\/li><li>Buscando a los parientes del Estero.<\/li><li>El hartazgo de los jarochos con Tr\u00e1nsito.<\/li><li>La crisis por el agua en Xalapa.<\/li><\/ul>\n\n\n\n<p>Mam\u00e1, el Suckerverg me restringi\u00f3 mi cuenta \ud83d\ude41<br>&#8211;Chopenjawer<\/p>\n\n\n\n<p>Francamente, creo que s\u00f3lo hay dos aspirantes fuertes para la candidatura de Morena a la Presidencia de la Rep\u00fablica en 2024: Marcelo Ebrard y Claudia Sheinbaum.<\/p>\n\n\n\n<p>Ambos han encabezado las encuestas desde hace meses en cuanto a la preferencia electoral.<\/p>\n\n\n\n<p>En t\u00e9rminos llanos: es Ebrard o Claudia. No hay nadie m\u00e1s en Morena para la candidatura a la Presidencia en 2024. A los dem\u00e1s seguramente les dir\u00e1n: &#8220;Gracias por participar&#8221; y ah\u00ed se pondr\u00e1 bueno el asunto porque ya se ver\u00e1 si se mantiene la unidad y logran superar las rencillas.<\/p>\n\n\n\n<p>De hecho, de ese encuentro saldr\u00e1 el presidente o presidenta de M\u00e9xico: ser\u00e1 Marcelo o Claudia.<\/p>\n\n\n\n<p>El asunto es que los aspirantes tienen que pasar por las reglas que este domingo los dirigentes y l\u00edderes de Morena acordaron en su Consejo Nacional; ser\u00e1 hasta el 6 de septiembre cuando se sepa qui\u00e9n ser\u00e1 el candidato o candidata elegido.<\/p>\n\n\n\n<p>\u00bfY qu\u00e9 se percibe de Marcelo y Claudia?<\/p>\n\n\n\n<p>Los simpatizantes de Ebrard ven al ahora ex canciller como una persona con mucha experiencia en pol\u00edtica, ocupando diversos cargos en la capital del pa\u00eds, as\u00ed como a nivel nacional e internacional.<\/p>\n\n\n\n<p>Y s\u00ed: el curr\u00edculum de Ebrard es m\u00e1s amplio al de la todav\u00eda jefa de Gobierno de la Ciudad de M\u00e9xico, quien tambi\u00e9n es una mujer preparada (m\u00e1s cargada hacia el lado cient\u00edfico) y har\u00eda historia como la primera presidenta mujer de M\u00e9xico.<\/p>\n\n\n\n<p>El problema que quiz\u00e1s se ve en el caso de Marcelo es que podr\u00edan sumarse a \u00e9l grupos o personajes que el ala dura de Morena no ve con buenos ojos, como el caso de Ricardo Monreal (que actu\u00f3 m\u00e1s como un opositor siendo l\u00edder en el Senado) o Dante Delgado Rannauro, el propietario de Movimiento Ciudadano, partido por el cual alguna vez intent\u00f3 Ebrard ser diputado.<\/p>\n\n\n\n<p>A Dante, sobra decirlo, los lopezobradoristas lo ven como un traidor, pese a que en alg\u00fan momento fue muy cercano a Andr\u00e9s Manuel L\u00f3pez Obrador.<\/p>\n\n\n\n<p>En este sentido, se puede decir que Ebrard podr\u00eda ser el conciliador que llame a sumarse a todas las fuerzas pol\u00edticas (al estilo de la vieja guardia), lo que quiz\u00e1s es necesario para un pa\u00eds muy polarizado desde la llegada de la Cuarta Transformeishion al poder.<\/p>\n\n\n\n<p>El riesgo con Ebrard \u2014dadas esas relaciones y apertura\u2014 es que podr\u00edan revivir las clases pol\u00edticas del pasado y se incrusten actores como los arriba mencionados \u2014hambrientos por seguir viviendo del presupuesto\u2014 con sus respectivas huestes ganando espacios y posiciones en lo que ser\u00eda un escenario hipot\u00e9tico del Presidente Marcelo.<\/p>\n\n\n\n<p>(De hecho lo anterior ya ocurri\u00f3 con el caso de Segalmex cuando estuvo a cargo de Ignacio Ovalle Fern\u00e1ndez, a quien varios identificaban desde el inicio del sexenio como uno de los dinosaurios del priato que no comprenden c\u00f3mo pudieron darle tal responsabilidad y presupuesto. Otro es Manuel Bartlett, el director de la CFE).<\/p>\n\n\n\n<p>Es por eso que se entiende la postura del ala dura de Morena que apoya a Claudia: si bien ambos aspirantes podr\u00edan dar continuidad al proyecto de la Cuarta Transformaci\u00f3n, para el grupo que apoya a la jefa de Gobierno es necesario que se convierta en la Presidenta Sheinbaum para no permitir el empoderamiento de los arribistas y deshacerse de las r\u00e9moras que supuestamente se colocar\u00edan con un Ebrard m\u00e1s flexible.<\/p>\n\n\n\n<p>O sea, para el ala dura la continuidad del lopezobradorismo ser\u00eda en la misma postura que mantiene el Presidente, que est\u00e1 muy lejos \u2014por ejemplo\u2014 de sentarse con el periodista Ciro G\u00f3mez Leyva (considerado enemigo de la 4T, enfatizado constantemente por el propio L\u00f3pez Obrador) como lo hizo Ebrard este lunes por la ma\u00f1ana cuando acudi\u00f3 a su noticiero en Radio F\u00f3rmula.<\/p>\n\n\n\n<p>Por eso una parte de los gobernadores apoya a Claudia Sheinbaum: pertenecen algunos a una generaci\u00f3n m\u00e1s nueva de pol\u00edticos, con otra visi\u00f3n muy distinta a la vieja guardia, que declaran una lealtad incorruptible a L\u00f3pez Obrador; esa misma ala del morenismo cree fervientemente en el proceso de continuar una transformaci\u00f3n que no ha terminado (culpando a antagonistas como el Poder Judicial) y dar el \u201ctiro de gracia pol\u00edtico\u201d a quienes han estado gru\u00f1endo por el hambre al haberse quedado fuera del poder.<\/p>\n\n\n\n<p>Quiz\u00e1s el problema para Claudia es que \u00e9sta ser\u00eda m\u00e1s vulnerable a ataques que recuerden fallas graves a su paso por la Jefatura de Gobierno, como es el caso de los problemas de movilidad que tiene la Ciudad de M\u00e9xico.<\/p>\n\n\n\n<p>A saber: sigue parada la l\u00ednea 1 del metro (una de las m\u00e1s importantes de la capital); el retraso de la apertura de la l\u00ednea 12, incompleta por aquella tragedia en la alcald\u00eda de Tl\u00e1huac en 2021 cuando se desplom\u00f3 parte de una v\u00eda elevada, con decenas de muertos; o la tardanza por concluir el Tren Interurbano, que si bien es una obra federal, el costo pol\u00edtico podr\u00eda achacarle sus adversarios a Sheinbaum. Bueno, ni siquiera pudo inaugurar a \u201cLa Joven de Amajac\u201d, la escultura que sustituir\u00e1 a la de Col\u00f3n en Reforma, o logr\u00f3 plantar un sustituto de la palma de m\u00e1s de 100 a\u00f1os de antig\u00fcedad que quitaron de la misma v\u00eda.<\/p>\n\n\n\n<p>Con todo y eso, Claudia Sheinbaum es la que ha salido en primer lugar en las m\u00e1s recientes encuestas realizadas antes del acuerdo del domingo<\/p>\n\n\n\n<p>Por lo que se ve, ser\u00e1 una lucha interesante para los \u201cmorenos\u201d: o van por la conciliaci\u00f3n nacional con riesgos de oportunistas o por la radicalizaci\u00f3n necesaria que no afloje el paso de la l\u00ednea dura muy marcada por el presidente.<\/p>\n\n\n\n<p>Pero s\u00ed: s\u00f3lo hay dos sopas para la candidatura de Morena (y por ende, la Presidencia de la Rep\u00fablica); ser\u00e1 Claudia Sheinbaum o Marcelo Ebrard. No hay nadie m\u00e1s.<\/p>\n\n\n\n<p><strong>NOTA PARA PEGAR EN EL REFRI:<\/strong> En el mero D\u00eda del Doblaje en M\u00e9xico, falleci\u00f3 una de las voces m\u00e1s reconocidas de este arte. Me refiero a Rub\u00e9n Moya, quien era la voz oficial de He-Man, de la prueba del A\u00f1ejo (s\u00f3lo para chavorrucos y anexas), de las c\u00e1psulas de &#8220;Ripley, aunque usted no lo crea&#8221; y del actor estadounidense Morgan Freeman\u2026 Una gran p\u00e9rdida para quienes crecimos oy\u00e9ndolo. Descanse en paz.<\/p>\n\n\n\n<p><strong>OTRA NOTA: <\/strong>Dicen que los vieron reunidos all\u00e1 en la Ciudad de M\u00e9xico. Se sent\u00f3 con sus sobrinos y ha estado buscando al patriarca para pedir apoyo econ\u00f3mico y pol\u00edtico para su proyecto pol\u00edtico. Despu\u00e9s de todo, parece que ya limaron asperezas desde aquella elecci\u00f3n del 2016, donde los primos aparentemente se distanciaron\u2026 Los enterados chismosos dicen que todo sea en aras de preservar el apellido\u2026 Chale.<\/p>\n\n\n\n<p><strong>OTRA NOTA EXTRA: <\/strong>Circula por redes una reverenda \u201cmadrina\u201d que le acomodan a un elemento de Tr\u00e1nsito de Boca del R\u00edo. Lo anterior, dicen los grillos analistas en la zona conurbada, es s\u00edntoma del hartazgo que tiene la gente contra los operativos recaudatorios que han realizado estas corporaciones tanto en ese municipio, como en Veracruz\u2026 \u201cAndan como perros cazando\u201d, me dice un amigo en la zona conurbada.<\/p>\n\n\n\n<p><strong>LA \u00daLTIMA PORQUE &#8220;POKTA CALOR&#8221;: <\/strong>Conviviendo sanamente en el Bar M\u00e9xico (s\u00ed, suena raro e incre\u00edble), platicamos entre amigos el gran problema del agua que se ha agudizado desde hace unos a\u00f1os en la regi\u00f3n de Xalapa y Coatepec\u2026 El crecimiento incontrolable de la poblaci\u00f3n en la capital veracruzana, la desaparici\u00f3n de \u00e1reas de bosque y fincas de caf\u00e9, las empresas enormes como la Nestl\u00e9, la Coca y el ingenio de Mahuixtl\u00e1n que usan cantidades industriales de agua en la regi\u00f3n, los arroyos secos de Briones, y ahora el cierre de las v\u00e1lvulas de la presa Chilchotla, en Puebla, que abastece del 60% del vital l\u00edquido a los xalape\u00f1os, debido a que detectaron posible contaminaci\u00f3n con peces muertos\u2026 Neta que se extra\u00f1an las lluvias, el clima templado y todo lo que han convertido en fraccionamientos.<\/p>\n","protected":false},"excerpt":{"rendered":"<p>ColumnaSinNombre@pablojair Muri\u00f3 Rub\u00e9n Moya. Buscando a los parientes del Estero. El hartazgo de los jarochos con Tr\u00e1nsito. La crisis por el agua en Xalapa. Mam\u00e1, el Suckerverg me restringi\u00f3 mi cuenta \ud83d\ude41&#8211;Chopenjawer Francamente, creo que s\u00f3lo hay dos aspirantes fuertes para la candidatura de Morena a la Presidencia de la Rep\u00fablica en 2024: Marcelo Ebrard [&hellip;]<\/p>\n","protected":false},"author":2476,"featured_media":488,"comment_status":"open","ping_status":"open","sticky":false,"template":"","format":"standard","meta":{"_jetpack_memberships_contains_paid_content":false,"footnotes":""},"categories":[11],"tags":[],"class_list":["post-41810","post","type-post","status-publish","format-standard","has-post-thumbnail","hentry","category-opinion"],"jetpack_featured_media_url":"https:\/\/encuentroinformativo.com.mx\/wp-content\/uploads\/2020\/03\/F471F608-BA1A-416B-BA7B-BCFB24F4E6D0.jpeg","jetpack_sharing_enabled":true,"jetpack_likes_enabled":true,"amp_enabled":true,"_links":{"self":[{"href":"https:\/\/encuentroinformativo.com.mx\/index.php?rest_route=\/wp\/v2\/posts\/41810","targetHints":{"allow":["GET"]}}],"collection":[{"href":"https:\/\/encuentroinformativo.com.mx\/index.php?rest_route=\/wp\/v2\/posts"}],"about":[{"href":"https:\/\/encuentroinformativo.com.mx\/index.php?rest_route=\/wp\/v2\/types\/post"}],"author":[{"embeddable":true,"href":"https:\/\/encuentroinformativo.com.mx\/index.php?rest_route=\/wp\/v2\/users\/2476"}],"replies":[{"embeddable":true,"href":"https:\/\/encuentroinformativo.com.mx\/index.php?rest_route=%2Fwp%2Fv2%2Fcomments&post=41810"}],"version-history":[{"count":1,"href":"https:\/\/encuentroinformativo.com.mx\/index.php?rest_route=\/wp\/v2\/posts\/41810\/revisions"}],"predecessor-version":[{"id":41811,"href":"https:\/\/encuentroinformativo.com.mx\/index.php?rest_route=\/wp\/v2\/posts\/41810\/revisions\/41811"}],"wp:featuredmedia":[{"embeddable":true,"href":"https:\/\/encuentroinformativo.com.mx\/index.php?rest_route=\/wp\/v2\/media\/488"}],"wp:attachment":[{"href":"https:\/\/encuentroinformativo.com.mx\/index.php?rest_route=%2Fwp%2Fv2%2Fmedia&parent=41810"}],"wp:term":[{"taxonomy":"category","embeddable":true,"href":"https:\/\/encuentroinformativo.com.mx\/index.php?rest_route=%2Fwp%2Fv2%2Fcategories&post=41810"},{"taxonomy":"post_tag","embeddable":true,"href":"https:\/\/encuentroinformativo.com.mx\/index.php?rest_route=%2Fwp%2Fv2%2Ftags&post=41810"}],"curies":[{"name":"wp","href":"https:\/\/api.w.org\/{rel}","templated":true}]}}