{"id":41817,"date":"2023-06-13T12:36:28","date_gmt":"2023-06-13T18:36:28","guid":{"rendered":"https:\/\/encuentroinformativo.com.mx\/?p=41817"},"modified":"2023-06-13T12:53:56","modified_gmt":"2023-06-13T18:53:56","slug":"diego-torres-cuarto-concierto-masivo-de-carnaval-de-veracruz","status":"publish","type":"post","link":"https:\/\/encuentroinformativo.com.mx\/?p=41817","title":{"rendered":"Diego Torres cuarto concierto masivo de Carnaval de Veracruz"},"content":{"rendered":"\n<p><strong>Alejandro \u00c1vila<\/strong><\/p>\n\n\n\n<p>Veracruz, Ver.- El Ayuntamiento de Veracruz un conjunto con la Secretar\u00eda de Turismo anunciaron el cuarto concierto masivo del Carnaval 2023; se trata del artista argentino Diego Torres, qui\u00e9n se presentar\u00e1 el lunes 3 de julio en la macroplaza del malec\u00f3n.<\/p>\n\n\n\n<p>&#8220;Estamos sumando esfuerzos para hacer que esta edici\u00f3n sea todo un \u00e9xito, invito a turistas y jarochos a vivir la alegr\u00eda de esta gran fiesta del 29 de junio al 5 de julio, iniciando con la quema del mal humor, disfrutando de las coronaciones, conciertos y desfiles, que hacen de nuestro Carnaval el m\u00e1s alegre del mundo&#8221;, destac\u00f3 la alcaldesa, Patricia Lobeira Rodr\u00edguez.<\/p>\n\n\n\n<p>El secretario de Turismo, Iv\u00e1n Francisco Mart\u00ednez Olvera, quien acompa\u00f1\u00f3 a la edil panista en la presentaci\u00f3n del cuarto concierto masivo de Carnaval; dijo que adem\u00e1s de este esfuerzo econ\u00f3mico del Gobierno de Veracruz por aportar un espect\u00e1culo m\u00e1s, se sumar\u00e1 el apoyo en protecci\u00f3n civil, seguridad y salud.<\/p>\n\n\n\n<p>Finalmente y en otro tema, el presidente del Comit\u00e9 de Carnaval, Luis Antonio P\u00e9rez Fraga, mencion\u00f3 que las gradas de carnaval quedar\u00e1n listas en un m\u00e1ximo de 15 d\u00edas, y el costo de estas ser\u00e1 de 100 pesos los d\u00edas s\u00e1bado y domingo, mientras que el lunes y martes tendr\u00e1n un costo de 30 pesos.<\/p>\n","protected":false},"excerpt":{"rendered":"<p>Alejandro \u00c1vila Veracruz, Ver.- El Ayuntamiento de Veracruz un conjunto con la Secretar\u00eda de Turismo anunciaron el cuarto concierto masivo del Carnaval 2023; se trata del artista argentino Diego Torres, qui\u00e9n se presentar\u00e1 el lunes 3 de julio en la macroplaza del malec\u00f3n. &#8220;Estamos sumando esfuerzos para hacer que esta edici\u00f3n sea todo un \u00e9xito, [&hellip;]<\/p>\n","protected":false},"author":2476,"featured_media":41818,"comment_status":"open","ping_status":"open","sticky":false,"template":"","format":"standard","meta":{"_jetpack_memberships_contains_paid_content":false,"footnotes":""},"categories":[2],"tags":[],"class_list":["post-41817","post","type-post","status-publish","format-standard","has-post-thumbnail","hentry","category-estado"],"jetpack_featured_media_url":"https:\/\/encuentroinformativo.com.mx\/wp-content\/uploads\/2023\/06\/IMG-20230613-WA00182.jpg","jetpack_sharing_enabled":true,"jetpack_likes_enabled":true,"amp_enabled":true,"_links":{"self":[{"href":"https:\/\/encuentroinformativo.com.mx\/index.php?rest_route=\/wp\/v2\/posts\/41817","targetHints":{"allow":["GET"]}}],"collection":[{"href":"https:\/\/encuentroinformativo.com.mx\/index.php?rest_route=\/wp\/v2\/posts"}],"about":[{"href":"https:\/\/encuentroinformativo.com.mx\/index.php?rest_route=\/wp\/v2\/types\/post"}],"author":[{"embeddable":true,"href":"https:\/\/encuentroinformativo.com.mx\/index.php?rest_route=\/wp\/v2\/users\/2476"}],"replies":[{"embeddable":true,"href":"https:\/\/encuentroinformativo.com.mx\/index.php?rest_route=%2Fwp%2Fv2%2Fcomments&post=41817"}],"version-history":[{"count":1,"href":"https:\/\/encuentroinformativo.com.mx\/index.php?rest_route=\/wp\/v2\/posts\/41817\/revisions"}],"predecessor-version":[{"id":41819,"href":"https:\/\/encuentroinformativo.com.mx\/index.php?rest_route=\/wp\/v2\/posts\/41817\/revisions\/41819"}],"wp:featuredmedia":[{"embeddable":true,"href":"https:\/\/encuentroinformativo.com.mx\/index.php?rest_route=\/wp\/v2\/media\/41818"}],"wp:attachment":[{"href":"https:\/\/encuentroinformativo.com.mx\/index.php?rest_route=%2Fwp%2Fv2%2Fmedia&parent=41817"}],"wp:term":[{"taxonomy":"category","embeddable":true,"href":"https:\/\/encuentroinformativo.com.mx\/index.php?rest_route=%2Fwp%2Fv2%2Fcategories&post=41817"},{"taxonomy":"post_tag","embeddable":true,"href":"https:\/\/encuentroinformativo.com.mx\/index.php?rest_route=%2Fwp%2Fv2%2Ftags&post=41817"}],"curies":[{"name":"wp","href":"https:\/\/api.w.org\/{rel}","templated":true}]}}