{"id":41820,"date":"2023-06-13T13:03:19","date_gmt":"2023-06-13T19:03:19","guid":{"rendered":"https:\/\/encuentroinformativo.com.mx\/?p=41820"},"modified":"2023-06-13T13:03:22","modified_gmt":"2023-06-13T19:03:22","slug":"asistiran-alcaldes-de-europa-a-la-expo-turismo-veracruz-2023","status":"publish","type":"post","link":"https:\/\/encuentroinformativo.com.mx\/?p=41820","title":{"rendered":"Asistir\u00e1n Alcaldes de Europa a la Expo Turismo Veracruz 2023"},"content":{"rendered":"\n<p><strong>Alejandro \u00c1vila<\/strong><\/p>\n\n\n\n<p>Veracruz, Ver.- La Expo Turismo Veracruz 2023 que se llevar\u00e1 a cabo los d\u00edas 7, 8 y 9 de noviembre en el World Trade Center de Boca del R\u00edo, tendr\u00e1 la presencia de ocho alcaldes de ciudades europeas, confirm\u00f3 el secretario, Iv\u00e1n Francisco Mart\u00ednez Olvera.<\/p>\n\n\n\n<p>El funcionario estatal destac\u00f3 que estos ediles europeos retroalimentar\u00e1n a los alcaldes de la entidad veracruzana sobre la importancia de enfocarse en el ramo tur\u00edstico, pues se expondr\u00e1n como ellos han incrementado su derrama econ\u00f3mica a trav\u00e9s del flujo de visitantes.<\/p>\n\n\n\n<p>&#8220;Tenemos un esquema nuevo, vienen ocho alcaldes de diferentes municipalidades de Europa que han cambiado su vocaci\u00f3n de industrial a tur\u00edstica, y vienen a hacer un coloquio con diferentes alcaldes veracruzanos para mejorar experiencias (\u2026) vienen de Espa\u00f1a, de Francia y de Alemania&#8221;, mencion\u00f3.<\/p>\n\n\n\n<p>En otro tema, record\u00f3 que en los primeros d\u00edas del mes de septiembre se realizar\u00e1 el Costa de Esmeralda Fest, y ser\u00e1 durante la segunda quincena del mes de junio cuando se d\u00e9 a conocer la cartelera de artistas que estar\u00e1 presente en la edici\u00f3n 2023.<\/p>\n\n\n\n<p>&#8220;El a\u00f1o pasado en Costa Esmeralda tuvimos 57 mil asistentes en los tres d\u00edas y en las diferentes actividades, y tuvimos una derrama econ\u00f3mica de alrededor de los 60 millones de pesos, ahorita esperamos superarlo un poco m\u00e1s con todo lo que tenemos planeado (\u2026) la mayor\u00eda de los visitantes al Costa Esmeralda son de la Megal\u00f3polis, Tlaxcala, Hidalgo, Puebla, Ciudad de M\u00e9xico, Estado de M\u00e9xico, pero tambi\u00e9n recibimos de otros estados&#8221;, culmin\u00f3.<\/p>\n","protected":false},"excerpt":{"rendered":"<p>Alejandro \u00c1vila Veracruz, Ver.- La Expo Turismo Veracruz 2023 que se llevar\u00e1 a cabo los d\u00edas 7, 8 y 9 de noviembre en el World Trade Center de Boca del R\u00edo, tendr\u00e1 la presencia de ocho alcaldes de ciudades europeas, confirm\u00f3 el secretario, Iv\u00e1n Francisco Mart\u00ednez Olvera. El funcionario estatal destac\u00f3 que estos ediles europeos [&hellip;]<\/p>\n","protected":false},"author":2476,"featured_media":41821,"comment_status":"open","ping_status":"open","sticky":false,"template":"","format":"standard","meta":{"_jetpack_memberships_contains_paid_content":false,"footnotes":""},"categories":[2],"tags":[],"class_list":["post-41820","post","type-post","status-publish","format-standard","has-post-thumbnail","hentry","category-estado"],"jetpack_featured_media_url":"https:\/\/encuentroinformativo.com.mx\/wp-content\/uploads\/2023\/06\/IMG-20230613-WA0020.jpg","jetpack_sharing_enabled":true,"jetpack_likes_enabled":true,"amp_enabled":true,"_links":{"self":[{"href":"https:\/\/encuentroinformativo.com.mx\/index.php?rest_route=\/wp\/v2\/posts\/41820","targetHints":{"allow":["GET"]}}],"collection":[{"href":"https:\/\/encuentroinformativo.com.mx\/index.php?rest_route=\/wp\/v2\/posts"}],"about":[{"href":"https:\/\/encuentroinformativo.com.mx\/index.php?rest_route=\/wp\/v2\/types\/post"}],"author":[{"embeddable":true,"href":"https:\/\/encuentroinformativo.com.mx\/index.php?rest_route=\/wp\/v2\/users\/2476"}],"replies":[{"embeddable":true,"href":"https:\/\/encuentroinformativo.com.mx\/index.php?rest_route=%2Fwp%2Fv2%2Fcomments&post=41820"}],"version-history":[{"count":1,"href":"https:\/\/encuentroinformativo.com.mx\/index.php?rest_route=\/wp\/v2\/posts\/41820\/revisions"}],"predecessor-version":[{"id":41822,"href":"https:\/\/encuentroinformativo.com.mx\/index.php?rest_route=\/wp\/v2\/posts\/41820\/revisions\/41822"}],"wp:featuredmedia":[{"embeddable":true,"href":"https:\/\/encuentroinformativo.com.mx\/index.php?rest_route=\/wp\/v2\/media\/41821"}],"wp:attachment":[{"href":"https:\/\/encuentroinformativo.com.mx\/index.php?rest_route=%2Fwp%2Fv2%2Fmedia&parent=41820"}],"wp:term":[{"taxonomy":"category","embeddable":true,"href":"https:\/\/encuentroinformativo.com.mx\/index.php?rest_route=%2Fwp%2Fv2%2Fcategories&post=41820"},{"taxonomy":"post_tag","embeddable":true,"href":"https:\/\/encuentroinformativo.com.mx\/index.php?rest_route=%2Fwp%2Fv2%2Ftags&post=41820"}],"curies":[{"name":"wp","href":"https:\/\/api.w.org\/{rel}","templated":true}]}}