{"id":41823,"date":"2023-06-13T13:14:34","date_gmt":"2023-06-13T19:14:34","guid":{"rendered":"https:\/\/encuentroinformativo.com.mx\/?p=41823"},"modified":"2023-06-13T13:14:38","modified_gmt":"2023-06-13T19:14:38","slug":"realizan-cafetaleros-bloqueos-intermitentes-reclaman-libertad-de-agremiados","status":"publish","type":"post","link":"https:\/\/encuentroinformativo.com.mx\/?p=41823","title":{"rendered":"Realizan cafetaleros bloqueos intermitentes, reclaman libertad de agremiados"},"content":{"rendered":"\n<p><strong>Juan Arcos <\/strong><\/p>\n\n\n\n<p>Xalapa, Ver.- Cafetaleros de Veracruz protestaron nuevamente en Plaza Sebasti\u00e1n Lerdo de Tejada, en esta ciudad de Xalapa, para exigir la liberaci\u00f3n de sus compa\u00f1eros, quienes fueron detenidos por el presunto delito de estragos.<\/p>\n\n\n\n<p>Los inconformes bloquearon la calle Juan de la Luz Enr\u00edquez, frente a Palacio de Gobierno, durante unos minutos, ante la falta de una respuesta favorable por parte de las autoridades.<\/p>\n\n\n\n<p>Los quejosos se pronunciaron contra el arresto arbitrario de Cirio Ruiz Gonz\u00e1lez, presidente del Consejo Regional del Caf\u00e9 de Coatepec y los cafetaleros Minervo Cantor Pe\u00f1a, Abraham Cabal Pulido y Crisanto Valiente Miram\u00f3n; adem\u00e1s de Viridiana Bret\u00f3n Feito, exalcaldesa de Ixhuatl\u00e1n del Caf\u00e9.<\/p>\n\n\n\n<p>Ellos son se\u00f1alados por su presunta participaci\u00f3n en un incendio en el beneficio de la empresa Agroindrustrias Unidas de M\u00e9xico (AMSA), ubicado en el municipio de Ixhuatl\u00e1n del Caf\u00e9, el 24 de enero de 2022.<\/p>\n\n\n\n<p>El representante del Consejo Regional del Caf\u00e9 de Coatepec, Cirilo Elotl\u00e1n D\u00edaz, se\u00f1al\u00f3 que ninguna instancia gubernamental ha tomado cartas en el asunto por dicha detenci\u00f3n arbitraria.<\/p>\n\n\n\n<p>Record\u00f3 que ni con la supuesta designaci\u00f3n del caso a la Secretar\u00eda de Gobernaci\u00f3n se han dado avances a la investigaci\u00f3n.<\/p>\n\n\n\n<p>\u201cLa Secretaria de Gobernaci\u00f3n a nivel nacional est\u00e1 m\u00e1s interesada en el puesto pol\u00edtico que en resolver el caso, no nos han atendido\u201d, dijo.<br>El entrevistado enfatiz\u00f3 que las investigaciones no avanzan y sus compa\u00f1eros cafetaleros siguen tras las rejas, llevando un proceso penal que podr\u00edan enfrentar en libertad.<\/p>\n\n\n\n<p>\u201cNo hay avances, se avientan la bolita entre Gobierno del Estado, la empresa y el Gobierno Federal. No se vale esto porque los compa\u00f1eros est\u00e1n presos, lo que ahorita pedimos es que la fiscal\u00eda instruya al juez para que esto cambie en la medida cautelar\u201d, expres\u00f3.<\/p>\n\n\n\n<p>Cirilo a\u00f1adi\u00f3 que la Fiscal\u00eda General del Estado (FGE) de Veracruz no ordena ninguna acci\u00f3n de este y otros casos al presuntamente recibir \u00f3rdenes de otro ente gubernamental.<\/p>\n\n\n\n<p>\u201cLa fiscal\u00eda est\u00e1 esperando una instrucci\u00f3n del gobernador, ah\u00ed est\u00e1 entrampado el asunto. Queremos que se cambien las medidas cautelares para que lleven su proceso en libertad\u201d, remat\u00f3.<\/p>\n\n\n\n<figure class=\"wp-block-image size-large\"><img loading=\"lazy\" decoding=\"async\" width=\"1024\" height=\"768\" src=\"https:\/\/encuentroinformativo.com.mx\/wp-content\/uploads\/2023\/06\/IMG_5844-1024x768.jpg\" alt=\"\" class=\"wp-image-41825\" srcset=\"https:\/\/encuentroinformativo.com.mx\/wp-content\/uploads\/2023\/06\/IMG_5844-1024x768.jpg 1024w, https:\/\/encuentroinformativo.com.mx\/wp-content\/uploads\/2023\/06\/IMG_5844-300x225.jpg 300w, https:\/\/encuentroinformativo.com.mx\/wp-content\/uploads\/2023\/06\/IMG_5844-768x576.jpg 768w, https:\/\/encuentroinformativo.com.mx\/wp-content\/uploads\/2023\/06\/IMG_5844-1536x1152.jpg 1536w, https:\/\/encuentroinformativo.com.mx\/wp-content\/uploads\/2023\/06\/IMG_5844.jpg 2016w\" sizes=\"auto, (max-width: 1024px) 100vw, 1024px\" \/><\/figure>\n","protected":false},"excerpt":{"rendered":"<p>Juan Arcos Xalapa, Ver.- Cafetaleros de Veracruz protestaron nuevamente en Plaza Sebasti\u00e1n Lerdo de Tejada, en esta ciudad de Xalapa, para exigir la liberaci\u00f3n de sus compa\u00f1eros, quienes fueron detenidos por el presunto delito de estragos. Los inconformes bloquearon la calle Juan de la Luz Enr\u00edquez, frente a Palacio de Gobierno, durante unos minutos, ante [&hellip;]<\/p>\n","protected":false},"author":2476,"featured_media":41824,"comment_status":"open","ping_status":"open","sticky":false,"template":"","format":"standard","meta":{"_jetpack_memberships_contains_paid_content":false,"footnotes":""},"categories":[3],"tags":[],"class_list":["post-41823","post","type-post","status-publish","format-standard","has-post-thumbnail","hentry","category-xalapa"],"jetpack_featured_media_url":"https:\/\/encuentroinformativo.com.mx\/wp-content\/uploads\/2023\/06\/IMG_5853.jpg","jetpack_sharing_enabled":true,"jetpack_likes_enabled":true,"amp_enabled":true,"_links":{"self":[{"href":"https:\/\/encuentroinformativo.com.mx\/index.php?rest_route=\/wp\/v2\/posts\/41823","targetHints":{"allow":["GET"]}}],"collection":[{"href":"https:\/\/encuentroinformativo.com.mx\/index.php?rest_route=\/wp\/v2\/posts"}],"about":[{"href":"https:\/\/encuentroinformativo.com.mx\/index.php?rest_route=\/wp\/v2\/types\/post"}],"author":[{"embeddable":true,"href":"https:\/\/encuentroinformativo.com.mx\/index.php?rest_route=\/wp\/v2\/users\/2476"}],"replies":[{"embeddable":true,"href":"https:\/\/encuentroinformativo.com.mx\/index.php?rest_route=%2Fwp%2Fv2%2Fcomments&post=41823"}],"version-history":[{"count":1,"href":"https:\/\/encuentroinformativo.com.mx\/index.php?rest_route=\/wp\/v2\/posts\/41823\/revisions"}],"predecessor-version":[{"id":41826,"href":"https:\/\/encuentroinformativo.com.mx\/index.php?rest_route=\/wp\/v2\/posts\/41823\/revisions\/41826"}],"wp:featuredmedia":[{"embeddable":true,"href":"https:\/\/encuentroinformativo.com.mx\/index.php?rest_route=\/wp\/v2\/media\/41824"}],"wp:attachment":[{"href":"https:\/\/encuentroinformativo.com.mx\/index.php?rest_route=%2Fwp%2Fv2%2Fmedia&parent=41823"}],"wp:term":[{"taxonomy":"category","embeddable":true,"href":"https:\/\/encuentroinformativo.com.mx\/index.php?rest_route=%2Fwp%2Fv2%2Fcategories&post=41823"},{"taxonomy":"post_tag","embeddable":true,"href":"https:\/\/encuentroinformativo.com.mx\/index.php?rest_route=%2Fwp%2Fv2%2Ftags&post=41823"}],"curies":[{"name":"wp","href":"https:\/\/api.w.org\/{rel}","templated":true}]}}