{"id":41833,"date":"2023-06-13T13:34:28","date_gmt":"2023-06-13T19:34:28","guid":{"rendered":"https:\/\/encuentroinformativo.com.mx\/?p=41833"},"modified":"2023-06-13T13:34:33","modified_gmt":"2023-06-13T19:34:33","slug":"instituciones-medicas-se-niegan-a-interrupcion-del-embarazo-insiste-regidora","status":"publish","type":"post","link":"https:\/\/encuentroinformativo.com.mx\/?p=41833","title":{"rendered":"Instituciones m\u00e9dicas se niegan a interrupci\u00f3n del embarazo, insiste regidora"},"content":{"rendered":"\n<p><strong>Alejandro \u00c1vila\u00a0<\/strong><\/p>\n\n\n\n<p>Veracruz, Ver.- La activista, Belem Palmeros Exsome, dijo que este martes por la ma\u00f1ana diversos colectivos feministas de Veracruz llevaron ante el presidente, Andr\u00e9s Manuel L\u00f3pez Obrador, una carta denuncia sobre las instituciones de salud, puesto que estas se niegan a la interrupci\u00f3n del embarazo.<\/p>\n\n\n\n<p>La regidora record\u00f3 que desde hace dos a\u00f1os la interrupci\u00f3n legal del embarazo se encuentra dentro de la Ley de Veracruz y de los protocolos del sector salud.<\/p>\n\n\n\n<p>&#8220;Estamos top\u00e1ndonos con unas faltas a la Alerta de Violencia de G\u00e9nero por Agravio Comparado, as\u00ed como lo que dice la ley, entre ellas est\u00e1 el ISSSTE, el IMSS, as\u00ed como otros hospitales p\u00fablicos, donde a las mujeres se les est\u00e1 negando el derecho a decidir. Entonces se hizo este llamado el presidente para que se respete lo que dice nuestra ley y se respetan los protocolos, porque efectivamente existe la conciencia dentro de cada m\u00e9dico, el objetor de conciencia dentro de lo que es la interrupci\u00f3n legal del embarazo, pero la instituci\u00f3n no es objetor de conciencia&#8221;, subray\u00f3.<\/p>\n\n\n\n<p>En ese sentido, Belem Palmeros Exsome, dijo que las instituciones de salud p\u00fablica tienen la obligaci\u00f3n de llamar a un m\u00e9dico que no sea objeto de conciencia para que haga la interrupci\u00f3n legal del embarazo; adem\u00e1s, agreg\u00f3 los hospitales deben de tener un lugar espec\u00edfico para la norma 046<\/p>\n\n\n\n<p>&#8220;Entonces, no nada m\u00e1s hablando de violencia sexual, sino por la interrupci\u00f3n legal del embarazo. Estamos haciendo esta llamada al presidente, que por favor tome cartas en el asunto con lo que est\u00e1 pasando en el estado de Veracruz a 2 a\u00f1os de que ya est\u00e1 legalizado. Ha sido un esfuerzo muy grande, ha sido un esfuerzo de asociaciones feministas, entonces se tiene que respetar como tal el derecho de todas las mujeres&#8221;, culmin\u00f3.<\/p>\n","protected":false},"excerpt":{"rendered":"<p>Alejandro \u00c1vila\u00a0 Veracruz, Ver.- La activista, Belem Palmeros Exsome, dijo que este martes por la ma\u00f1ana diversos colectivos feministas de Veracruz llevaron ante el presidente, Andr\u00e9s Manuel L\u00f3pez Obrador, una carta denuncia sobre las instituciones de salud, puesto que estas se niegan a la interrupci\u00f3n del embarazo. La regidora record\u00f3 que desde hace dos a\u00f1os [&hellip;]<\/p>\n","protected":false},"author":2476,"featured_media":41834,"comment_status":"open","ping_status":"open","sticky":false,"template":"","format":"standard","meta":{"_jetpack_memberships_contains_paid_content":false,"footnotes":""},"categories":[9],"tags":[],"class_list":["post-41833","post","type-post","status-publish","format-standard","has-post-thumbnail","hentry","category-salud"],"jetpack_featured_media_url":"https:\/\/encuentroinformativo.com.mx\/wp-content\/uploads\/2023\/06\/IMG-20230613-WA0023.jpg","jetpack_sharing_enabled":true,"jetpack_likes_enabled":true,"amp_enabled":true,"_links":{"self":[{"href":"https:\/\/encuentroinformativo.com.mx\/index.php?rest_route=\/wp\/v2\/posts\/41833","targetHints":{"allow":["GET"]}}],"collection":[{"href":"https:\/\/encuentroinformativo.com.mx\/index.php?rest_route=\/wp\/v2\/posts"}],"about":[{"href":"https:\/\/encuentroinformativo.com.mx\/index.php?rest_route=\/wp\/v2\/types\/post"}],"author":[{"embeddable":true,"href":"https:\/\/encuentroinformativo.com.mx\/index.php?rest_route=\/wp\/v2\/users\/2476"}],"replies":[{"embeddable":true,"href":"https:\/\/encuentroinformativo.com.mx\/index.php?rest_route=%2Fwp%2Fv2%2Fcomments&post=41833"}],"version-history":[{"count":1,"href":"https:\/\/encuentroinformativo.com.mx\/index.php?rest_route=\/wp\/v2\/posts\/41833\/revisions"}],"predecessor-version":[{"id":41835,"href":"https:\/\/encuentroinformativo.com.mx\/index.php?rest_route=\/wp\/v2\/posts\/41833\/revisions\/41835"}],"wp:featuredmedia":[{"embeddable":true,"href":"https:\/\/encuentroinformativo.com.mx\/index.php?rest_route=\/wp\/v2\/media\/41834"}],"wp:attachment":[{"href":"https:\/\/encuentroinformativo.com.mx\/index.php?rest_route=%2Fwp%2Fv2%2Fmedia&parent=41833"}],"wp:term":[{"taxonomy":"category","embeddable":true,"href":"https:\/\/encuentroinformativo.com.mx\/index.php?rest_route=%2Fwp%2Fv2%2Fcategories&post=41833"},{"taxonomy":"post_tag","embeddable":true,"href":"https:\/\/encuentroinformativo.com.mx\/index.php?rest_route=%2Fwp%2Fv2%2Ftags&post=41833"}],"curies":[{"name":"wp","href":"https:\/\/api.w.org\/{rel}","templated":true}]}}