{"id":41852,"date":"2023-06-13T18:01:36","date_gmt":"2023-06-14T00:01:36","guid":{"rendered":"https:\/\/encuentroinformativo.com.mx\/?p=41852"},"modified":"2023-06-13T18:01:39","modified_gmt":"2023-06-14T00:01:39","slug":"sin-definir-si-habra-urna-electronica-en-veracruz","status":"publish","type":"post","link":"https:\/\/encuentroinformativo.com.mx\/?p=41852","title":{"rendered":"Sin definir si habr\u00e1 urna electr\u00f3nica en Veracruz"},"content":{"rendered":"\n<p><strong>Dar\u00edo Pale <\/strong><\/p>\n\n\n\n<p>Xalapa, Ver.- El consejero del Organismo P\u00fablico Local Electoral (OPLE), y presidente de la Comisi\u00f3n de Innovaci\u00f3n y Evaluaci\u00f3n Roberto L\u00f3pez P\u00e9rez, dio a conocer que el pr\u00f3ximo 31 de julio vence el plazo para que el Instituto Nacional Electoral (INE) determine si el Organismos Local podr\u00e1 usar la urna electr\u00f3nica piloto que se cre\u00f3.<\/p>\n\n\n\n<p>En entrevista coment\u00f3 que, la idea es que esa urna se pueda usar en el proceso electoral del 2024, como una prueba piloto, para recolectar la participaci\u00f3n ciudadana para la renovaci\u00f3n de gobernador y diputados locales.<\/p>\n\n\n\n<p>Adelant\u00f3 que en caso de que no les d\u00e9 tiempo de realizar las adecuaciones, podr\u00edan hacer las gestiones para que se use la urna electr\u00f3nica del estado de Jalisco.<\/p>\n\n\n\n<p>La intenci\u00f3n es dar paso a este avance tecnol\u00f3gico que permitir\u00eda concentrar los datos electorales de una manera m\u00e1s r\u00e1pida.<\/p>\n\n\n\n<p>&#8220;Nosotros estamos que cuando menos en el mes de julio ya nos puedan dar cu\u00e1les son esas necesidades de adecuaciones que el INE detect\u00f3 para estar en condiciones de que al menos en 90 d\u00edas del inicio del proceso electoral en los t\u00e9rminos que lo marca el 105 constitucional nosotros tengamos certeza sobre el funcionamiento de la urna electr\u00f3nica&#8221;, se\u00f1al\u00f3\u00a0<\/p>\n\n\n\n<p>Agreg\u00f3, que tienen hasta el 31 de julio para saber con certeza cu\u00e1les son las mejoras y se puedan implementar durante el mes de agosto para probarlas y posteriormente que el INE las revise para validaci\u00f3n.<\/p>\n\n\n\n<p>Finalmente el consejero, coment\u00f3 que es de suma importancia dar el paso a las urnas electr\u00f3nicas, puesto que se ha comprobado que son medios confiables y de mayor eficiencia durante los comicios.<\/p>\n","protected":false},"excerpt":{"rendered":"<p>Dar\u00edo Pale Xalapa, Ver.- El consejero del Organismo P\u00fablico Local Electoral (OPLE), y presidente de la Comisi\u00f3n de Innovaci\u00f3n y Evaluaci\u00f3n Roberto L\u00f3pez P\u00e9rez, dio a conocer que el pr\u00f3ximo 31 de julio vence el plazo para que el Instituto Nacional Electoral (INE) determine si el Organismos Local podr\u00e1 usar la urna electr\u00f3nica piloto que [&hellip;]<\/p>\n","protected":false},"author":2476,"featured_media":41853,"comment_status":"open","ping_status":"open","sticky":false,"template":"","format":"standard","meta":{"_jetpack_memberships_contains_paid_content":false,"footnotes":""},"categories":[2],"tags":[],"class_list":["post-41852","post","type-post","status-publish","format-standard","has-post-thumbnail","hentry","category-estado"],"jetpack_featured_media_url":"https:\/\/encuentroinformativo.com.mx\/wp-content\/uploads\/2023\/06\/IMG-20230613-WA0125.jpg","jetpack_sharing_enabled":true,"jetpack_likes_enabled":true,"amp_enabled":true,"_links":{"self":[{"href":"https:\/\/encuentroinformativo.com.mx\/index.php?rest_route=\/wp\/v2\/posts\/41852","targetHints":{"allow":["GET"]}}],"collection":[{"href":"https:\/\/encuentroinformativo.com.mx\/index.php?rest_route=\/wp\/v2\/posts"}],"about":[{"href":"https:\/\/encuentroinformativo.com.mx\/index.php?rest_route=\/wp\/v2\/types\/post"}],"author":[{"embeddable":true,"href":"https:\/\/encuentroinformativo.com.mx\/index.php?rest_route=\/wp\/v2\/users\/2476"}],"replies":[{"embeddable":true,"href":"https:\/\/encuentroinformativo.com.mx\/index.php?rest_route=%2Fwp%2Fv2%2Fcomments&post=41852"}],"version-history":[{"count":1,"href":"https:\/\/encuentroinformativo.com.mx\/index.php?rest_route=\/wp\/v2\/posts\/41852\/revisions"}],"predecessor-version":[{"id":41854,"href":"https:\/\/encuentroinformativo.com.mx\/index.php?rest_route=\/wp\/v2\/posts\/41852\/revisions\/41854"}],"wp:featuredmedia":[{"embeddable":true,"href":"https:\/\/encuentroinformativo.com.mx\/index.php?rest_route=\/wp\/v2\/media\/41853"}],"wp:attachment":[{"href":"https:\/\/encuentroinformativo.com.mx\/index.php?rest_route=%2Fwp%2Fv2%2Fmedia&parent=41852"}],"wp:term":[{"taxonomy":"category","embeddable":true,"href":"https:\/\/encuentroinformativo.com.mx\/index.php?rest_route=%2Fwp%2Fv2%2Fcategories&post=41852"},{"taxonomy":"post_tag","embeddable":true,"href":"https:\/\/encuentroinformativo.com.mx\/index.php?rest_route=%2Fwp%2Fv2%2Ftags&post=41852"}],"curies":[{"name":"wp","href":"https:\/\/api.w.org\/{rel}","templated":true}]}}