{"id":41855,"date":"2023-06-13T18:13:42","date_gmt":"2023-06-14T00:13:42","guid":{"rendered":"https:\/\/encuentroinformativo.com.mx\/?p=41855"},"modified":"2023-06-13T18:13:50","modified_gmt":"2023-06-14T00:13:50","slug":"emite-proteccion-civil-de-boca-del-rio-recomendaciones-por-ola-de-calor","status":"publish","type":"post","link":"https:\/\/encuentroinformativo.com.mx\/?p=41855","title":{"rendered":"Emite Protecci\u00f3n Civil de Boca del R\u00edo recomendaciones por Ola de Calor"},"content":{"rendered":"\n<p>*<strong><em>Seg\u00fan el pron\u00f3stico de la Secretar\u00eda de Protecci\u00f3n Civil Estatal, se espera una sensaci\u00f3n t\u00e9rmica entre los 43 y 44 \u00bac para esta semana<\/em>.<\/strong><\/p>\n\n\n\n<p>Boca del R\u00edo, Ver.- Ante el impacto de una Ola de Calor que afecta a la entidad veracruzana, el Alcalde de Boca del R\u00edo, Juan Manuel Un\u00e1nue Abascal, alert\u00f3 a las fuerzas de tarea municipales estar pendientes de los efectos que puedan causar en la ciudad y sus habitantes.<\/p>\n\n\n\n<p>\u201cEl llamado a los ciudadanos es tomar precauciones en sus actividades diarias por una ola de calor que se estar\u00e1 presentando, nosotros como autoridad estaremos en alerta de lo que se genere a ra\u00edz de las altas temperaturas\u201d, enfatiz\u00f3 el presidente municipal.<\/p>\n\n\n\n<p>Por su parte, Jorge Roberto Rojas Hern\u00e1ndez, Director de Protecci\u00f3n Civil Municipal, destac\u00f3 que la Secretar\u00eda de Protecci\u00f3n Civil Estatal emiti\u00f3 un aviso, replic\u00e1ndolo para su conocimiento en la ciudad, donde indica que para esta semana se espera una sensaci\u00f3n t\u00e9rmica entre los 43 y 44 \u00bac.<\/p>\n\n\n\n<p>En caso de acudir a la zona de playas, albercas o practicar alg\u00fan deporte, se recuerda que dentro de los riesgos que se pueden presentar por estos periodos de temperatura excesiva son agotamiento y golpe de calor, por lo que en caso de sentirse mal, inmediatamente deber\u00e1n trasladarse a la sombra y acudir si es necesario, a recibir atenci\u00f3n m\u00e9dica.<\/p>\n\n\n\n<p>Por \u00faltimo, agreg\u00f3 que en todas las playas de Boca del R\u00edo adem\u00e1s de haber se\u00f1alizaciones, hay personal de guardavidas de Protecci\u00f3n Civil municipal, con quienes pueden solicitar informaci\u00f3n y ayuda en caso de ser necesario.<\/p>\n\n\n\n<p>El Ayuntamiento de Boca del R\u00edo permanecer\u00e1 pendiente ante cualquier cambio climatol\u00f3gico, recalcando que en caso de alguna emergencia llamar al 911 donde cualquier contingencia ser\u00e1 canalizada a las \u00e1reas correspondientes.<\/p>\n\n\n\n<p><em><strong>Recomendaciones:<\/strong><\/em><\/p>\n\n\n\n<p>-Evita asolearte entre 11 am y 4 pm<br>-Viste ropa suelta de colores claros y manga larga<br>-No realices actividades f\u00edsicas intensas bajo el sol<br>-Toma agua simple aunque no tengas sed<br>-Come alimentos frescos, frutas y verduras<br>-Permanece en la sombra y en lugares frescos<br>-Usa protector solar<br>-Utiliza lentes de sol, gorra o sombrero<br>-Evita consumir bebidas alcoh\u00f3licas<\/p>\n\n\n\n<figure class=\"wp-block-image size-large\"><img loading=\"lazy\" decoding=\"async\" width=\"1022\" height=\"1024\" src=\"https:\/\/encuentroinformativo.com.mx\/wp-content\/uploads\/2023\/06\/IMG-20230613-WA0133-1022x1024.jpg\" alt=\"\" class=\"wp-image-41857\" srcset=\"https:\/\/encuentroinformativo.com.mx\/wp-content\/uploads\/2023\/06\/IMG-20230613-WA0133-1022x1024.jpg 1022w, https:\/\/encuentroinformativo.com.mx\/wp-content\/uploads\/2023\/06\/IMG-20230613-WA0133-300x300.jpg 300w, https:\/\/encuentroinformativo.com.mx\/wp-content\/uploads\/2023\/06\/IMG-20230613-WA0133-150x150.jpg 150w, https:\/\/encuentroinformativo.com.mx\/wp-content\/uploads\/2023\/06\/IMG-20230613-WA0133-768x769.jpg 768w, https:\/\/encuentroinformativo.com.mx\/wp-content\/uploads\/2023\/06\/IMG-20230613-WA0133.jpg 1278w\" sizes=\"auto, (max-width: 1022px) 100vw, 1022px\" \/><\/figure>\n","protected":false},"excerpt":{"rendered":"<p>*Seg\u00fan el pron\u00f3stico de la Secretar\u00eda de Protecci\u00f3n Civil Estatal, se espera una sensaci\u00f3n t\u00e9rmica entre los 43 y 44 \u00bac para esta semana. Boca del R\u00edo, Ver.- Ante el impacto de una Ola de Calor que afecta a la entidad veracruzana, el Alcalde de Boca del R\u00edo, Juan Manuel Un\u00e1nue Abascal, alert\u00f3 a las [&hellip;]<\/p>\n","protected":false},"author":2476,"featured_media":41856,"comment_status":"open","ping_status":"open","sticky":false,"template":"","format":"standard","meta":{"_jetpack_memberships_contains_paid_content":false,"footnotes":""},"categories":[2],"tags":[],"class_list":["post-41855","post","type-post","status-publish","format-standard","has-post-thumbnail","hentry","category-estado"],"jetpack_featured_media_url":"https:\/\/encuentroinformativo.com.mx\/wp-content\/uploads\/2023\/06\/IMG-20230613-WA0132.jpg","jetpack_sharing_enabled":true,"jetpack_likes_enabled":true,"amp_enabled":true,"_links":{"self":[{"href":"https:\/\/encuentroinformativo.com.mx\/index.php?rest_route=\/wp\/v2\/posts\/41855","targetHints":{"allow":["GET"]}}],"collection":[{"href":"https:\/\/encuentroinformativo.com.mx\/index.php?rest_route=\/wp\/v2\/posts"}],"about":[{"href":"https:\/\/encuentroinformativo.com.mx\/index.php?rest_route=\/wp\/v2\/types\/post"}],"author":[{"embeddable":true,"href":"https:\/\/encuentroinformativo.com.mx\/index.php?rest_route=\/wp\/v2\/users\/2476"}],"replies":[{"embeddable":true,"href":"https:\/\/encuentroinformativo.com.mx\/index.php?rest_route=%2Fwp%2Fv2%2Fcomments&post=41855"}],"version-history":[{"count":1,"href":"https:\/\/encuentroinformativo.com.mx\/index.php?rest_route=\/wp\/v2\/posts\/41855\/revisions"}],"predecessor-version":[{"id":41858,"href":"https:\/\/encuentroinformativo.com.mx\/index.php?rest_route=\/wp\/v2\/posts\/41855\/revisions\/41858"}],"wp:featuredmedia":[{"embeddable":true,"href":"https:\/\/encuentroinformativo.com.mx\/index.php?rest_route=\/wp\/v2\/media\/41856"}],"wp:attachment":[{"href":"https:\/\/encuentroinformativo.com.mx\/index.php?rest_route=%2Fwp%2Fv2%2Fmedia&parent=41855"}],"wp:term":[{"taxonomy":"category","embeddable":true,"href":"https:\/\/encuentroinformativo.com.mx\/index.php?rest_route=%2Fwp%2Fv2%2Fcategories&post=41855"},{"taxonomy":"post_tag","embeddable":true,"href":"https:\/\/encuentroinformativo.com.mx\/index.php?rest_route=%2Fwp%2Fv2%2Ftags&post=41855"}],"curies":[{"name":"wp","href":"https:\/\/api.w.org\/{rel}","templated":true}]}}