{"id":41871,"date":"2023-06-14T10:36:04","date_gmt":"2023-06-14T16:36:04","guid":{"rendered":"https:\/\/encuentroinformativo.com.mx\/?p=41871"},"modified":"2023-06-14T10:36:09","modified_gmt":"2023-06-14T16:36:09","slug":"por-problemas-de-energia-electrica-se-quedan-sin-agua-en-alvarado","status":"publish","type":"post","link":"https:\/\/encuentroinformativo.com.mx\/?p=41871","title":{"rendered":"Por problemas de energ\u00eda el\u00e9ctrica se quedan sin agua en Alvarado"},"content":{"rendered":"\n<p><strong>Alejandro \u00c1vila<\/strong><\/p>\n\n\n\n<p>Alvarado, Ver.- Problemas en el voltaje en las l\u00edneas de energ\u00eda el\u00e9ctrica han provocado que centenares de familias del municipio de Alvarado no cuenten con el servicio de agua.<\/p>\n\n\n\n<p>Desde la tarde de este lunes se suscitaron variaciones de voltaje en la l\u00ednea de energ\u00eda el\u00e9ctrica, por lo cual no se prendieron las bombas que abastecen de agua a la cabecera municipal y algunas localidades del municipio de Alvarado.<\/p>\n\n\n\n<p>&#8220;Est\u00e1 variando, qui\u00e9n sabe qu\u00e9 problema hubo, fue desde San Andr\u00e9s antier, desde San Andr\u00e9s hasta ac\u00e1 Alvarado, Costa de la Palma y todo eso, fue una falla general. Ahorita s\u00ed hay luz pero est\u00e1 variando mucho voltaje, por lo tanto no echan a andar las bombas y est\u00e1n tandeando el agua. Ese es el problema que tenemos&#8221;, se\u00f1al\u00f3 Erick Ayala.<\/p>\n\n\n\n<p>Los problemas de energ\u00eda el\u00e9ctrica en el municipio de Alvarado son constantes, cabe recordar que hace unos meses ciudadanos de la localidad de Buenavista bloquearon la carretera federal 180, pues denunciaban la falta de luz desde aproximadamente 48 horas.<\/p>\n\n\n\n<p>En cuanto al servicio de agua potable mantienen tambi\u00e9n ciertos problemas&nbsp; pues ni la Comisi\u00f3n de Agua del Estado de Veracruz (CAEV), ni el Ayuntamiento de Alvarado han podido abastecer en su totalidad todas las viviendas del municipio.<\/p>\n","protected":false},"excerpt":{"rendered":"<p>Alejandro \u00c1vila Alvarado, Ver.- Problemas en el voltaje en las l\u00edneas de energ\u00eda el\u00e9ctrica han provocado que centenares de familias del municipio de Alvarado no cuenten con el servicio de agua. Desde la tarde de este lunes se suscitaron variaciones de voltaje en la l\u00ednea de energ\u00eda el\u00e9ctrica, por lo cual no se prendieron las [&hellip;]<\/p>\n","protected":false},"author":2476,"featured_media":41872,"comment_status":"open","ping_status":"open","sticky":false,"template":"","format":"standard","meta":{"_jetpack_memberships_contains_paid_content":false,"footnotes":""},"categories":[2],"tags":[],"class_list":["post-41871","post","type-post","status-publish","format-standard","has-post-thumbnail","hentry","category-estado"],"jetpack_featured_media_url":"https:\/\/encuentroinformativo.com.mx\/wp-content\/uploads\/2023\/06\/IMG-20230614-WA0024.jpg","jetpack_sharing_enabled":true,"jetpack_likes_enabled":true,"amp_enabled":true,"_links":{"self":[{"href":"https:\/\/encuentroinformativo.com.mx\/index.php?rest_route=\/wp\/v2\/posts\/41871","targetHints":{"allow":["GET"]}}],"collection":[{"href":"https:\/\/encuentroinformativo.com.mx\/index.php?rest_route=\/wp\/v2\/posts"}],"about":[{"href":"https:\/\/encuentroinformativo.com.mx\/index.php?rest_route=\/wp\/v2\/types\/post"}],"author":[{"embeddable":true,"href":"https:\/\/encuentroinformativo.com.mx\/index.php?rest_route=\/wp\/v2\/users\/2476"}],"replies":[{"embeddable":true,"href":"https:\/\/encuentroinformativo.com.mx\/index.php?rest_route=%2Fwp%2Fv2%2Fcomments&post=41871"}],"version-history":[{"count":1,"href":"https:\/\/encuentroinformativo.com.mx\/index.php?rest_route=\/wp\/v2\/posts\/41871\/revisions"}],"predecessor-version":[{"id":41873,"href":"https:\/\/encuentroinformativo.com.mx\/index.php?rest_route=\/wp\/v2\/posts\/41871\/revisions\/41873"}],"wp:featuredmedia":[{"embeddable":true,"href":"https:\/\/encuentroinformativo.com.mx\/index.php?rest_route=\/wp\/v2\/media\/41872"}],"wp:attachment":[{"href":"https:\/\/encuentroinformativo.com.mx\/index.php?rest_route=%2Fwp%2Fv2%2Fmedia&parent=41871"}],"wp:term":[{"taxonomy":"category","embeddable":true,"href":"https:\/\/encuentroinformativo.com.mx\/index.php?rest_route=%2Fwp%2Fv2%2Fcategories&post=41871"},{"taxonomy":"post_tag","embeddable":true,"href":"https:\/\/encuentroinformativo.com.mx\/index.php?rest_route=%2Fwp%2Fv2%2Ftags&post=41871"}],"curies":[{"name":"wp","href":"https:\/\/api.w.org\/{rel}","templated":true}]}}