{"id":41880,"date":"2023-06-14T12:23:24","date_gmt":"2023-06-14T18:23:24","guid":{"rendered":"https:\/\/encuentroinformativo.com.mx\/?p=41880"},"modified":"2023-06-14T12:23:34","modified_gmt":"2023-06-14T18:23:34","slug":"por-violencia-politica-denuncian-a-lider-del-prd","status":"publish","type":"post","link":"https:\/\/encuentroinformativo.com.mx\/?p=41880","title":{"rendered":"Por violencia pol\u00edtica, denuncian a l\u00edder del PRD"},"content":{"rendered":"\n<p><strong>Dar\u00edo Pale <\/strong><\/p>\n\n\n\n<p>Xalapa, Ver.- Denuncian a l\u00edder del PRD por violencia pol\u00edtica en raz\u00f3n de g\u00e9nero, el Organismo P\u00fablico Local Electoral (OPLE) emite medidas cautelares, adem\u00e1s Cadena expresa que Rogelio Franco no defiende ni a sus mujeres ni a sus hijas, menos a \u00e9l mismo, as\u00ed lo se\u00f1al\u00f3 la regidora del ayuntamiento de Ciudad Mendoza, Elda Quintero M\u00e1rmol D\u00edaz.<\/p>\n\n\n\n<p>En conferencia de prensa dio a conocer que present\u00f3 denuncia ante el OPLE, en contra del dirigente estatal del PRD, Sergio Cadena Mart\u00ednez, por violencia pol\u00edtica en raz\u00f3n de g\u00e9nero.<\/p>\n\n\n\n<p>Fue acompa\u00f1ada de la abogada Yael Garc\u00eda Andrade, as\u00ed como de la presidenta de la organizaci\u00f3n &#8220;Mujeres Sangre Huasteca&#8221;, Guadalupe de Le\u00f3n Jim\u00e9nez; puntualiz\u00f3 que la denuncia la present\u00f3 el pasado 22 de mayo ante el \u00f3rgano electoral porque es &#8220;inadmisible&#8221; que el l\u00edder del Sol Azteca realice tales conductas.<\/p>\n\n\n\n<p>Por ello, se dictaron medidas cautelares para proteger su persona y su integridad f\u00edsica y sus derechos, aunque Cadena impugna las medidas.<\/p>\n\n\n\n<p>&#8220;Me preocupa y me causa temor que Sergio Cadena Mart\u00ednez se conduzca de esta manera en prejuicio de mis derechos y de mi persona&#8221;, se\u00f1al\u00f3.<\/p>\n\n\n\n<p>&#8220;La situaci\u00f3n que gener\u00f3 imponer esta denuncia ha sido basada en los \u00faltimos eventos partidistas donde ha manifestado marginaci\u00f3n y discriminaci\u00f3n hacia mi persona. En la \u00faltima reuni\u00f3n virtual con motivo de la elecci\u00f3n de la coordinaci\u00f3n de autoridades municipales, cuando quise hacer uso de la voz ordenaba que se desconectara mi micr\u00f3fono&#8221; agreg\u00f3.<\/p>\n\n\n\n<p>Por ello, calific\u00f3 a Cadena de mis\u00f3gino, prepotente y arbitrario, por lo que comparti\u00f3 a los medios un audio del l\u00edder del PRD donde dice: &#8220;Mira yo cumplo. \u00bfalguna \u00a0vez en tu vida Franco (Rogelio) te mencion\u00f3 que en tu vida ibas a hacer algo?, pero nunca lo concret\u00f3, de todo me encargu\u00e9 yo. Hasta la fecha te he respetado, cre\u00eda que eras un ente valioso, v\u00ed, al igual que a pesar del g\u00e9nero Elda, no has aprendido. Yo te puse de regidora, no Franco, te defend\u00ed con todo, no Franco&#8221;.<\/p>\n\n\n\n<p>&#8220;Franco no defiende ni a sus mujeres ni a sus hijas, ni siquiera se defiende \u00e9l, pero bueno. Ya me quitaste un cargo de conciencia, camina, adelante amiga, ll\u00e9vate el billetito que puedas y en el camino te vas a encontrar otra vez a Cadena&#8221;, coment\u00f3.<\/p>\n\n\n\n<p>Derivado de ese audio infiere que ya no la va a respetar y que podr\u00eda ejercer acciones en contra de su persona o su familia, y adem\u00e1s, del audio infiere que denota sometimiento, desd\u00e9n, sobaja su persona lo que entiende como una agresi\u00f3n por el simple hecho de ser mujer.<\/p>\n\n\n\n<p>Adem\u00e1s, al decir que la puso como regidora denota prepotencia y que puede quitar y poner a servidores p\u00fablicos en una elecci\u00f3n popular, por lo que tambi\u00e9n, al decir que Rogelio Franco no defiende ni a sus mujeres ni a sus hijas define que es mis\u00f3gino, ya que demuestra desprecio por la mujer.<\/p>\n\n\n\n<p>Por \u00faltimo a\u00f1adi\u00f3 que al recomendarle que se lleve el &#8220;billetito&#8221; que sugiere un acto de enriquecimiento, acci\u00f3n corrupta y una pr\u00e1ctica com\u00fan en su persona.<\/p>\n","protected":false},"excerpt":{"rendered":"<p>Dar\u00edo Pale Xalapa, Ver.- Denuncian a l\u00edder del PRD por violencia pol\u00edtica en raz\u00f3n de g\u00e9nero, el Organismo P\u00fablico Local Electoral (OPLE) emite medidas cautelares, adem\u00e1s Cadena expresa que Rogelio Franco no defiende ni a sus mujeres ni a sus hijas, menos a \u00e9l mismo, as\u00ed lo se\u00f1al\u00f3 la regidora del ayuntamiento de Ciudad Mendoza, [&hellip;]<\/p>\n","protected":false},"author":2476,"featured_media":41881,"comment_status":"open","ping_status":"open","sticky":false,"template":"","format":"standard","meta":{"_jetpack_memberships_contains_paid_content":false,"footnotes":""},"categories":[2],"tags":[],"class_list":["post-41880","post","type-post","status-publish","format-standard","has-post-thumbnail","hentry","category-estado"],"jetpack_featured_media_url":"https:\/\/encuentroinformativo.com.mx\/wp-content\/uploads\/2023\/06\/IMG-20230614-WA00502.jpg","jetpack_sharing_enabled":true,"jetpack_likes_enabled":true,"amp_enabled":true,"_links":{"self":[{"href":"https:\/\/encuentroinformativo.com.mx\/index.php?rest_route=\/wp\/v2\/posts\/41880","targetHints":{"allow":["GET"]}}],"collection":[{"href":"https:\/\/encuentroinformativo.com.mx\/index.php?rest_route=\/wp\/v2\/posts"}],"about":[{"href":"https:\/\/encuentroinformativo.com.mx\/index.php?rest_route=\/wp\/v2\/types\/post"}],"author":[{"embeddable":true,"href":"https:\/\/encuentroinformativo.com.mx\/index.php?rest_route=\/wp\/v2\/users\/2476"}],"replies":[{"embeddable":true,"href":"https:\/\/encuentroinformativo.com.mx\/index.php?rest_route=%2Fwp%2Fv2%2Fcomments&post=41880"}],"version-history":[{"count":1,"href":"https:\/\/encuentroinformativo.com.mx\/index.php?rest_route=\/wp\/v2\/posts\/41880\/revisions"}],"predecessor-version":[{"id":41882,"href":"https:\/\/encuentroinformativo.com.mx\/index.php?rest_route=\/wp\/v2\/posts\/41880\/revisions\/41882"}],"wp:featuredmedia":[{"embeddable":true,"href":"https:\/\/encuentroinformativo.com.mx\/index.php?rest_route=\/wp\/v2\/media\/41881"}],"wp:attachment":[{"href":"https:\/\/encuentroinformativo.com.mx\/index.php?rest_route=%2Fwp%2Fv2%2Fmedia&parent=41880"}],"wp:term":[{"taxonomy":"category","embeddable":true,"href":"https:\/\/encuentroinformativo.com.mx\/index.php?rest_route=%2Fwp%2Fv2%2Fcategories&post=41880"},{"taxonomy":"post_tag","embeddable":true,"href":"https:\/\/encuentroinformativo.com.mx\/index.php?rest_route=%2Fwp%2Fv2%2Ftags&post=41880"}],"curies":[{"name":"wp","href":"https:\/\/api.w.org\/{rel}","templated":true}]}}