{"id":41883,"date":"2023-06-14T13:38:44","date_gmt":"2023-06-14T19:38:44","guid":{"rendered":"https:\/\/encuentroinformativo.com.mx\/?p=41883"},"modified":"2023-06-14T13:38:50","modified_gmt":"2023-06-14T19:38:50","slug":"protestan-por-agua-contaminada-y-desabasto-del-vital-liquido-en-perote","status":"publish","type":"post","link":"https:\/\/encuentroinformativo.com.mx\/?p=41883","title":{"rendered":"Protestan por agua contaminada y desabasto del vital l\u00edquido en Perote"},"content":{"rendered":"\n<p><strong>Juan Arcos <\/strong><\/p>\n\n\n\n<p>Xalapa, Ver.- Familias de distintas colonias del municipio de Perote se manifestaron contra el ayuntamiento y la Comisi\u00f3n de Agua del Estado de Veracruz (CAEV) ante las frecuentes fallas en el servicio de agua potable.<\/p>\n\n\n\n<p>Los manifestantes indicaron de forma an\u00f3nima que hay dos situaciones: la falta de distribuci\u00f3n del l\u00edquido y la contaminaci\u00f3n del agua suministrada por CAEV, pues tiene una tonalidad gris\u00e1cea o caf\u00e9.<\/p>\n\n\n\n<p>Los habitantes de El Sabinal mostraron, a trav\u00e9s de unos recipientes de pl\u00e1stico, que el agua que distribuye CAEV mediante las pipas podr\u00eda estar contaminada, ya que luce sucia como si se tratara de \u00f3xido.<\/p>\n\n\n\n<p>La gente march\u00f3 por distintas calles del municipio de Perote hasta llegar al Palacio Municipal, para despu\u00e9s dirigirse a las instalaciones de la Comisi\u00f3n del Agua del Estado de Veracruz.<\/p>\n\n\n\n<p>Entre sus consignas exhibidas este mi\u00e9rcoles 14 de junio estaban frases y carteles que dec\u00edan: \u201c\u00a1queremos soluci\u00f3n!\u201d, \u201cfuera CAEV\u201d y \u201cya no queremos esa agua sucia\u201d .<\/p>\n\n\n\n<p>Otras m\u00e1s se\u00f1alaron: \u201cqueremos agua de manantial no de pipas\u201d, \u201cel agua no es un negocio, es un derecho\u201d y algunos reclamos fueron contra el alcalde de Perote, Delfino Ortega Mart\u00ednez.<\/p>\n\n\n\n<p>\u201cPara que vean las condiciones en que surten el agua en El Sabinal, no sabemos qu\u00e9 tan da\u00f1ina sea, pero le pedimos al municipio que se encargue de checar esa agua y lo m\u00e1s pronto posible tengamos los resultados porque est\u00e1n en riesgo nuestros vecinos\u201d, extern\u00f3 uno de los inconformes.<\/p>\n\n\n\n<p>Los afectados son un promedio de 4 mil ciudadanos. Todos coinciden en solicitar se les garantice el servicio de agua y que esta sea de calidad, pues es usada para el consumo diario.<\/p>\n\n\n\n<p>Las autoridades municipales indicaron que el sector salud ser\u00e1 el que se encargar\u00e1 de realizar el monitoreo y calidad del agua por la coloraci\u00f3n que presenta y ello ser\u00e1 parte de la contestaci\u00f3n a los reclamos de los usuarios.<\/p>\n\n\n\n<figure class=\"wp-block-image size-large\"><img loading=\"lazy\" decoding=\"async\" width=\"1024\" height=\"768\" src=\"https:\/\/encuentroinformativo.com.mx\/wp-content\/uploads\/2023\/06\/a025f324-826f-4073-a2b3-3d4f66676f47-1024x768.jpg\" alt=\"\" class=\"wp-image-41885\" srcset=\"https:\/\/encuentroinformativo.com.mx\/wp-content\/uploads\/2023\/06\/a025f324-826f-4073-a2b3-3d4f66676f47-1024x768.jpg 1024w, https:\/\/encuentroinformativo.com.mx\/wp-content\/uploads\/2023\/06\/a025f324-826f-4073-a2b3-3d4f66676f47-300x225.jpg 300w, https:\/\/encuentroinformativo.com.mx\/wp-content\/uploads\/2023\/06\/a025f324-826f-4073-a2b3-3d4f66676f47-768x576.jpg 768w, https:\/\/encuentroinformativo.com.mx\/wp-content\/uploads\/2023\/06\/a025f324-826f-4073-a2b3-3d4f66676f47.jpg 1408w\" sizes=\"auto, (max-width: 1024px) 100vw, 1024px\" \/><\/figure>\n","protected":false},"excerpt":{"rendered":"<p>Juan Arcos Xalapa, Ver.- Familias de distintas colonias del municipio de Perote se manifestaron contra el ayuntamiento y la Comisi\u00f3n de Agua del Estado de Veracruz (CAEV) ante las frecuentes fallas en el servicio de agua potable. Los manifestantes indicaron de forma an\u00f3nima que hay dos situaciones: la falta de distribuci\u00f3n del l\u00edquido y la [&hellip;]<\/p>\n","protected":false},"author":2476,"featured_media":41884,"comment_status":"open","ping_status":"open","sticky":false,"template":"","format":"standard","meta":{"_jetpack_memberships_contains_paid_content":false,"footnotes":""},"categories":[8],"tags":[],"class_list":["post-41883","post","type-post","status-publish","format-standard","has-post-thumbnail","hentry","category-region"],"jetpack_featured_media_url":"https:\/\/encuentroinformativo.com.mx\/wp-content\/uploads\/2023\/06\/04375e0c-1963-410c-902e-11653b93e7d3.jpg","jetpack_sharing_enabled":true,"jetpack_likes_enabled":true,"amp_enabled":true,"_links":{"self":[{"href":"https:\/\/encuentroinformativo.com.mx\/index.php?rest_route=\/wp\/v2\/posts\/41883","targetHints":{"allow":["GET"]}}],"collection":[{"href":"https:\/\/encuentroinformativo.com.mx\/index.php?rest_route=\/wp\/v2\/posts"}],"about":[{"href":"https:\/\/encuentroinformativo.com.mx\/index.php?rest_route=\/wp\/v2\/types\/post"}],"author":[{"embeddable":true,"href":"https:\/\/encuentroinformativo.com.mx\/index.php?rest_route=\/wp\/v2\/users\/2476"}],"replies":[{"embeddable":true,"href":"https:\/\/encuentroinformativo.com.mx\/index.php?rest_route=%2Fwp%2Fv2%2Fcomments&post=41883"}],"version-history":[{"count":1,"href":"https:\/\/encuentroinformativo.com.mx\/index.php?rest_route=\/wp\/v2\/posts\/41883\/revisions"}],"predecessor-version":[{"id":41886,"href":"https:\/\/encuentroinformativo.com.mx\/index.php?rest_route=\/wp\/v2\/posts\/41883\/revisions\/41886"}],"wp:featuredmedia":[{"embeddable":true,"href":"https:\/\/encuentroinformativo.com.mx\/index.php?rest_route=\/wp\/v2\/media\/41884"}],"wp:attachment":[{"href":"https:\/\/encuentroinformativo.com.mx\/index.php?rest_route=%2Fwp%2Fv2%2Fmedia&parent=41883"}],"wp:term":[{"taxonomy":"category","embeddable":true,"href":"https:\/\/encuentroinformativo.com.mx\/index.php?rest_route=%2Fwp%2Fv2%2Fcategories&post=41883"},{"taxonomy":"post_tag","embeddable":true,"href":"https:\/\/encuentroinformativo.com.mx\/index.php?rest_route=%2Fwp%2Fv2%2Ftags&post=41883"}],"curies":[{"name":"wp","href":"https:\/\/api.w.org\/{rel}","templated":true}]}}